{"id":1207,"date":"2026-02-06T00:42:05","date_gmt":"2026-02-06T00:42:05","guid":{"rendered":"https:\/\/fmspecial.com.ar\/?p=1207"},"modified":"2026-02-06T00:42:11","modified_gmt":"2026-02-06T00:42:11","slug":"michlig-entrego-aportes-gubernamentales-fani-para-obras-y-equipamientos-en-escuelas-de-hersilia","status":"publish","type":"post","link":"https:\/\/fmspecial.com.ar\/index.php\/2026\/02\/06\/michlig-entrego-aportes-gubernamentales-fani-para-obras-y-equipamientos-en-escuelas-de-hersilia\/","title":{"rendered":"Michlig entreg\u00f3 aportes gubernamentales (FANI) para obras y equipamientos en escuelas de Hersilia"},"content":{"rendered":"\n<p class=\"wp-block-paragraph\">El&nbsp;<strong>senador provincial Felipe Michlig<\/strong>,&nbsp;<strong>junto al diputado Marcelo Gonz\u00e1lez<\/strong>, el delegado regional de Educaci\u00f3n&nbsp;<strong>Maximiliano Rodr\u00edguez<\/strong>&nbsp;y la&nbsp;<strong>presidente comunal Silvana Romero<\/strong>, visitaron la&nbsp;<strong>Escuela N\u00b0 6125<\/strong>&nbsp;de Jornada Completa \u201cGobernaci\u00f3n de R\u00edo Negro\u201d de la localidad de Hersilia, donde&nbsp;<strong>se concret\u00f3 la entrega de significativos aportes<\/strong>&nbsp;<strong>FANI<\/strong>&nbsp;del Gobierno de la Provincia de Santa Fe destinados a mejorar la infraestructura escolar, por un monto total de 27.580.623<strong>&nbsp;millones de pesos.<\/strong><\/p>\n\n\n\n<p class=\"wp-block-paragraph\">El senador&nbsp;<strong>Michlig destac\u00f3 \u201cel compromiso de quienes sostienen diariamente la educaci\u00f3n p\u00fablica<\/strong>\u201d y remarc\u00f3 la importancia de&nbsp;<strong>\u201cestar presentes m\u00e1s all\u00e1 de los tiempos electorales\u00bb<\/strong>. La educaci\u00f3n necesita dirigentes que est\u00e9n, que den respuestas concretas y que trabajen incluso cuando no es c\u00f3modo.&nbsp;<strong>Los docentes siempre est\u00e1n al pie del ca\u00f1\u00f3n, y eso merece ser reconocido\u201d, expres\u00f3<\/strong>.<\/p>\n\n\n\n<h4 class=\"wp-block-heading\" id=\"aportes-entregados\"><strong>Aportes entregados<\/strong><\/h4>\n\n\n\n<p class=\"wp-block-paragraph\">En el marco de pol\u00edticas impulsadas por&nbsp;<strong>el gobernador Maximiliano Pullaro y el ministro de Educaci\u00f3n Jos\u00e9 Goity,<\/strong>&nbsp;el Ministerio de Educaci\u00f3n de la Provincia realiz\u00f3 la entrega de&nbsp;<strong>un aporte de $24.920.624, provenientes del Fondo para la Atenci\u00f3n de Necesidades Inmediatas (FANI), a la Escuela N\u00b0 6125<\/strong>&nbsp;\u201cGobernaci\u00f3n de R\u00edo Negro\u201d,&nbsp;<strong>destinados a la readecuaci\u00f3n integral del tendido e instalaci\u00f3n el\u00e9ctrica del edificio escolar<\/strong>, necesaria para la correcta alimentaci\u00f3n de equipos de aire acondicionado. El aporte fue recibido por la directora del establecimiento,&nbsp;<strong>Mariel Beqk<\/strong>.<\/p>\n\n\n\n<p class=\"wp-block-paragraph\">Asimismo, durante el mismo acto&nbsp;<strong>se entreg\u00f3 un aporte de $1.129.999 del FANI a la C.E.R. N\u00b0 426 \u201cPresb\u00edtero Juan A. Bauza\u201d, destinado a la adquisici\u00f3n y colocaci\u00f3n de un equipo de aire acondicionado<\/strong>, recibido por las&nbsp;<strong>docentes Melina Vera y Ver\u00f3nica Ferrero.<\/strong><\/p>\n\n\n\n<p class=\"wp-block-paragraph\">Por \u00faltimo, el Ministerio de Educaci\u00f3n hizo entrega&nbsp;<strong>de un aporte de $1.530.000 a la C.E.R. N\u00b0 363 \u201cGeneral Manuel Belgrano\u201d, tambi\u00e9n para la adquisici\u00f3n y colocaci\u00f3n de un equipo de aire acondicionado,<\/strong>&nbsp;el cual fue recibido por la docente titular&nbsp;<strong>D\u00e9bora Gentilli.<\/strong><\/p>\n\n\n\n<figure class=\"wp-block-image\"><img decoding=\"async\" src=\"https:\/\/www.felipemichlig.com\/wp-content\/uploads\/2026\/02\/fani-heersilia2.jpeg\" alt=\"\" class=\"wp-image-23362\"\/><\/figure>\n\n\n\n<h4 class=\"wp-block-heading\" id=\"palabras-de-bienvenida\"><strong>Palabras de bienvenida<\/strong><\/h4>\n\n\n\n<p class=\"wp-block-paragraph\">La directora de la escuela anfitriona,&nbsp;<strong>Mariel Beuk,<\/strong>&nbsp;dio la bienvenida a las autoridades y expres\u00f3 que&nbsp;<strong>\u201cesta obra es un sue\u00f1o largamente esperado,<\/strong>&nbsp;un aporte valios\u00edsimo para una escuela p\u00fablica, imposible de afrontar con fondos propios. Sabemos lo que cost\u00f3 conseguirlo y lo importante que es contar con&nbsp;<strong>el acompa\u00f1amiento del Estado para mejorar las condiciones en beneficio de nuestros ni\u00f1os y de toda la comunidad educativa\u201d.<\/strong><\/p>\n\n\n\n<p class=\"wp-block-paragraph\">Por su parte, la presidente comunal&nbsp;<strong>Silvana Romero<\/strong>&nbsp;destac\u00f3&nbsp;<strong>que \u201cla nueva electrificaci\u00f3n es un paso gigante que permitir\u00e1 la correcta colocaci\u00f3n y funcionamiento de los aires acondicionados en las aulas\u201d,<\/strong>&nbsp;y valor\u00f3 el enorme esfuerzo de la comunidad educativa, las familias y los docentes, que durante el a\u00f1o realizaron distintas actividades y gestiones para avanzar en la compra de equipos. \u201cEste aporte permite que docentes y alumnos puedan trabajar y aprender en mejores condiciones, especialmente en una escuela de jornada completa\u201d, afirm\u00f3.<\/p>\n\n\n\n<h4 class=\"wp-block-heading\" id=\"no-es-un-lujo-es-una-necesidad\"><strong>\u201cNo es un lujo, es una necesidad\u201d<\/strong><\/h4>\n\n\n\n<p class=\"wp-block-paragraph\">Al dirigirse a los presentes, el&nbsp;<strong>senador Felipe Michlig agradeci\u00f3 a la directora Mariel Beqk&nbsp;<\/strong>por recibir al equipo de trabajo, a los docentes de los dos Centros Educativos Rurales beneficiados, a la presidente comunal Silvana Romero&nbsp;<strong>por el acompa\u00f1amiento permanente y a los medios de prensa por su presencia.<\/strong><\/p>\n\n\n\n<p class=\"wp-block-paragraph\">Asimismo, Michlig subray\u00f3 que \u201c<strong>la climatizaci\u00f3n en las escuelas no es un lujo, es una necesidad\u201d,&nbsp;<\/strong>especialmente frente a las altas temperaturas que se registran en la regi\u00f3n. \u201cTrabajamos para que cuando comience el ciclo lectivo los chicos y los docentes puedan contar con aulas seguras, dignas y acordes a la realidad clim\u00e1tica que estamos atravesando\u201d, concluy\u00f3.<\/p>\n\n\n\n<h4 class=\"wp-block-heading\" id=\"modernizacion-y-agilidad-en-la-gestion\"><strong>Modernizaci\u00f3n y agilidad en la gesti\u00f3n<\/strong><\/h4>\n\n\n\n<p class=\"wp-block-paragraph\"><strong>En tanto, el delegado regional de Educaci\u00f3n Maximiliano Rodr\u00edguez destac\u00f3 el compromiso de los equipos directivos y docentes<\/strong>, incluso durante el receso escolar, y explic\u00f3 que el Gobierno Provincial avanza en la digitalizaci\u00f3n de los procesos administrativos mediante el sistema Timb\u00f3, lo que permitir\u00e1 una mayor celeridad en la gesti\u00f3n de los fondos FANI.<\/p>\n\n\n\n<p class=\"wp-block-paragraph\">Finalmente, Rodr\u00edguez&nbsp;<strong>remarc\u00f3 que \u201cla instalaci\u00f3n el\u00e9ctrica no es una obra menor, es fundamental para la seguridad de los alumnos<\/strong>, docentes y de todas las personas que transitan la escuela\u201d.<a href=\"https:\/\/ceresonline.com.ar\/author\/javier2014\/\"><\/a><\/p>\n","protected":false},"excerpt":{"rendered":"<p>El&nbsp;senador provincial Felipe Michlig,&nbsp;junto al diputado Marcelo Gonz\u00e1lez, el delegado regional de Educaci\u00f3n&nbsp;Maximiliano Rodr\u00edguez&nbsp;y la&nbsp;presidente comunal Silvana Romero, visitaron la&nbsp;Escuela N\u00b0 6125&nbsp;de Jornada Completa \u201cGobernaci\u00f3n de R\u00edo Negro\u201d de la localidad de Hersilia, donde&nbsp;se concret\u00f3 la entrega de significativos aportes&nbsp;FANI&nbsp;del Gobierno de la Provincia de Santa Fe destinados a mejorar la infraestructura escolar, por un&#8230;<\/p>\n","protected":false},"author":1,"featured_media":1208,"comment_status":"open","ping_status":"open","sticky":false,"template":"","format":"standard","meta":{"footnotes":""},"categories":[1],"tags":[],"class_list":["post-1207","post","type-post","status-publish","format-standard","has-post-thumbnail","hentry","category-fashion"],"_links":{"self":[{"href":"https:\/\/fmspecial.com.ar\/index.php\/wp-json\/wp\/v2\/posts\/1207","targetHints":{"allow":["GET"]}}],"collection":[{"href":"https:\/\/fmspecial.com.ar\/index.php\/wp-json\/wp\/v2\/posts"}],"about":[{"href":"https:\/\/fmspecial.com.ar\/index.php\/wp-json\/wp\/v2\/types\/post"}],"author":[{"embeddable":true,"href":"https:\/\/fmspecial.com.ar\/index.php\/wp-json\/wp\/v2\/users\/1"}],"replies":[{"embeddable":true,"href":"https:\/\/fmspecial.com.ar\/index.php\/wp-json\/wp\/v2\/comments?post=1207"}],"version-history":[{"count":1,"href":"https:\/\/fmspecial.com.ar\/index.php\/wp-json\/wp\/v2\/posts\/1207\/revisions"}],"predecessor-version":[{"id":1209,"href":"https:\/\/fmspecial.com.ar\/index.php\/wp-json\/wp\/v2\/posts\/1207\/revisions\/1209"}],"wp:featuredmedia":[{"embeddable":true,"href":"https:\/\/fmspecial.com.ar\/index.php\/wp-json\/wp\/v2\/media\/1208"}],"wp:attachment":[{"href":"https:\/\/fmspecial.com.ar\/index.php\/wp-json\/wp\/v2\/media?parent=1207"}],"wp:term":[{"taxonomy":"category","embeddable":true,"href":"https:\/\/fmspecial.com.ar\/index.php\/wp-json\/wp\/v2\/categories?post=1207"},{"taxonomy":"post_tag","embeddable":true,"href":"https:\/\/fmspecial.com.ar\/index.php\/wp-json\/wp\/v2\/tags?post=1207"}],"curies":[{"name":"wp","href":"https:\/\/api.w.org\/{rel}","templated":true}]}}