{"id":1320,"date":"2026-03-05T10:16:46","date_gmt":"2026-03-05T10:16:46","guid":{"rendered":"https:\/\/fmspecial.com.ar\/?p=1320"},"modified":"2026-03-05T10:17:17","modified_gmt":"2026-03-05T10:17:17","slug":"se-desarrollaron-distintas-reuniones-de-trabajo-en-la-presidencia-del-senado-provincial","status":"publish","type":"post","link":"https:\/\/fmspecial.com.ar\/index.php\/2026\/03\/05\/se-desarrollaron-distintas-reuniones-de-trabajo-en-la-presidencia-del-senado-provincial\/","title":{"rendered":"Se desarrollaron distintas reuniones de trabajo en la Presidencia del Senado Provincial"},"content":{"rendered":"\n<p class=\"wp-block-paragraph\">Este mi\u00e9rcoles,&nbsp;<strong>el senador Felipe Michlig mantuvo en la Presidencia Provincial del Senado distintas reuniones institucionales<\/strong>&nbsp;y&nbsp;<strong>de di\u00e1logo pol\u00edtico con relaci\u00f3n a acciones y proyectos de distintas \u00e1reas de gobierno<\/strong>, como as\u00ed tambi\u00e9n de&nbsp;<strong>pol\u00edticas p\u00fablicas y territoriales.<\/strong><\/p>\n\n\n\n<p class=\"wp-block-paragraph\">Luego de&nbsp;<strong>presidir -en el curso de la ma\u00f1ana- una reuni\u00f3n junto a sus pares, con intendentes de la provincia, en el marco de la rondas de consulta por el Proyecto de Ley de la nueva carta org\u00e1nica de municipios ,<\/strong>&nbsp;recibi\u00f3 en su despacho -durante la tarde- al&nbsp;<strong>Diputado Nacional Fabi\u00e1n Peralta (GEN<\/strong>), luego al&nbsp;<strong>Ministro de Medio Ambiente y Cambio Clim\u00e1tico, Enrique Est\u00e9vez<\/strong>&nbsp;y a \u00faltima hora del d\u00eda&nbsp;<strong>al secretario de Deportes de la Provincia, Fernando Maletti.<\/strong><\/p>\n\n\n\n<h4 class=\"wp-block-heading\" id=\"reunion-con-enrique-estevez\">Reuni\u00f3n con Enrique Est\u00e9vez<\/h4>\n\n\n\n<figure class=\"wp-block-image\"><img decoding=\"async\" src=\"https:\/\/www.felipemichlig.com\/wp-content\/uploads\/2026\/03\/reuniones-senado-2-1024x614.jpeg\" alt=\"\" class=\"wp-image-23702\"\/><\/figure>\n\n\n\n<p class=\"wp-block-paragraph\">En la ocasi\u00f3n se abordaron&nbsp;<strong>temas que desarrolla el ministerio en materia de ordenamiento ambiental del territorio y desarrollo urbano,<\/strong>&nbsp;y las actividades planificadas para localidades del&nbsp;<strong>norte del departamento San Crist\u00f3bal y parte del departamento 9 de julio.<\/strong><\/p>\n\n\n\n<p class=\"wp-block-paragraph\">En tal sentido se evalu\u00f3&nbsp;<strong>los alcances y firma de convenios con los distritos involucrados, que se concretar\u00e1n \u201cen las pr\u00f3ximas semanas\u201d.<\/strong>&nbsp;En tal sentido&nbsp;<strong>el programa comprender\u00e1 en esta etapa las localidades de Ceres, Hersilia, La Rubia, Arruf\u00f3, Ambrosetti, Logro\u00f1o y Montefiore.<\/strong><\/p>\n\n\n\n<p class=\"wp-block-paragraph\">El ministro Enrique&nbsp;<strong>Est\u00e9vez explic\u00f3 que con este Programa de ordenamiento territorial se ejecuta acciones y pol\u00edticas de planeamiento f\u00edsico y ambiental<\/strong>&nbsp;que oriental el desarrollo del territorio y la ocupaci\u00f3n del espacio urbano y rural, teniendo en cuenta aspectos como:&nbsp;<strong>Suelo para el h\u00e1bitat urbano; transporte y movilidad sustentable; riesgo h\u00eddrico, gesti\u00f3n integral de residuos (Programa GIRSU) y ordenamiento del suelo\u201d.<\/strong><\/p>\n\n\n\n<p class=\"wp-block-paragraph\">El Senador&nbsp;<strong>Michlig estim\u00f3 que dentro de un mes se firman los convenios con este grupo de localidad mientras seguimos ya estamos trabajando en la segunda etapa<\/strong>&nbsp;para ampliarlo a las dem\u00e1s regiones\u201d.<\/p>\n\n\n\n<h4 class=\"wp-block-heading\" id=\"reunion-con-fabian-peralta\"><strong>Reuni\u00f3n con Fabi\u00e1n Peralta<\/strong><\/h4>\n\n\n\n<figure class=\"wp-block-image\"><img decoding=\"async\" src=\"https:\/\/www.felipemichlig.com\/wp-content\/uploads\/2026\/03\/reuniones-senado-3-1024x614.jpeg\" alt=\"\" class=\"wp-image-23700\"\/><\/figure>\n\n\n\n<p class=\"wp-block-paragraph\">Por otra parte, recibi\u00f3 al D<strong>iputado Nacional Fabi\u00e1n Peralta (GEN)<\/strong>&nbsp;con quien se repasaron&nbsp;<strong>ejes estructurales de la transformaci\u00f3n<\/strong>&nbsp;que se est\u00e1&nbsp;<strong>llevando adelante desde el Frente gobernante<\/strong>, que apunta \u201ca&nbsp;<strong>mejorar la calidad de vida de todos los santafesinos<\/strong>,&nbsp;<strong>con pol\u00edticas de estado sustentables en base a la pluralidad y diversidad<\/strong>, dando los&nbsp;<strong>debates sociales necesarios para encontrar el mejor rumbo<\/strong>\u201d, sostuvo el legislador nacional.<\/p>\n\n\n\n<p class=\"wp-block-paragraph\">Por su parte,&nbsp;<strong>Michlig coincidi\u00f3 en la necesidad de mantener contacto frecuentes con todos los actores pol\u00edticos para seguir nutriendo y fortaleciendo distintas l\u00edneas de acci\u00f3n que se basan en la transparencia, en lo productivo y con fuerte compromiso<\/strong>&nbsp;de todos los partidos que integran Unidos que,&nbsp;<strong>con la conducci\u00f3n de nuestro gobernador se ha podido avanzar con logros hist\u00f3ricos\u201d.<\/strong>&nbsp;En tal sentido&nbsp;<strong>debemos seguir afianzando un gobierno de cercan\u00eda \u00ab, asever\u00f3.<\/strong><\/p>\n\n\n\n<h4 class=\"wp-block-heading\" id=\"reunion-con-fernando-maletti\"><strong>Reuni\u00f3n con Fernando Maletti<\/strong><\/h4>\n\n\n\n<figure class=\"wp-block-image\"><img decoding=\"async\" src=\"https:\/\/www.felipemichlig.com\/wp-content\/uploads\/2026\/03\/reuniones-senado-4-1024x614.jpeg\" alt=\"\" class=\"wp-image-23701\"\/><\/figure>\n\n\n\n<p class=\"wp-block-paragraph\">Finalmente,&nbsp;<strong>Michlig recibi\u00f3 al secretario de Deportes de la Provincia, Fernando Maletti<\/strong>, con qui\u00e9n se repasaron lineamientos y programas de la secretar\u00eda, los aspectos organizativos de los&nbsp;<strong>Juegos Sudamericanos que se desarrollar\u00e1n en la Provincia de Santa Fe entre el 12 y el 26 de septiembre\u201d.<\/strong><\/p>\n\n\n\n<p class=\"wp-block-paragraph\">\u201cCon los preparativos de los Juegos Suramericanos, se viene realizando&nbsp;<strong>una inversi\u00f3n en infraestructura hist\u00f3rica que marcar\u00e1 un antes y un despu\u00e9s para el deporte provincial<\/strong>.&nbsp;<strong>Santa Fe ser\u00e1 un faro deportivo a nivel nacional<\/strong>&nbsp;e internacional, ese&nbsp;<strong>es el legado que debemos dejar con est\u00e1 gran oportunidad que asumi\u00f3 el Gobierno de Maxi Pullaro\u201d indic\u00f3 Maletti.<\/strong><\/p>\n\n\n\n<p class=\"wp-block-paragraph\"><strong>Por otra parte, el senador Michlig reflej\u00f3 que coincidieron en llevar a cabo una reuni\u00f3n con los dem\u00e1s senadores \u201cpara volcar informaci\u00f3n sobre la implementaci\u00f3n de todos los programas que despliega la secretar\u00eda de deportes\u201d.<\/strong><\/p>\n\n\n\n<p class=\"wp-block-paragraph\"><strong>Finalmente, informaron que el pr\u00f3ximo 15 de marzo se lanzar\u00e1 en la ciudad de Ceres la \u201cCopa Loter\u00eda de Santa Fe de Mountain Bike\u201d.<\/strong><\/p>\n","protected":false},"excerpt":{"rendered":"<p>Este mi\u00e9rcoles,&nbsp;el senador Felipe Michlig mantuvo en la Presidencia Provincial del Senado distintas reuniones institucionales&nbsp;y&nbsp;de di\u00e1logo pol\u00edtico con relaci\u00f3n a acciones y proyectos de distintas \u00e1reas de gobierno, como as\u00ed tambi\u00e9n de&nbsp;pol\u00edticas p\u00fablicas y territoriales. Luego de&nbsp;presidir -en el curso de la ma\u00f1ana- una reuni\u00f3n junto a sus pares, con intendentes de la provincia, en&#8230;<\/p>\n","protected":false},"author":1,"featured_media":1321,"comment_status":"open","ping_status":"open","sticky":false,"template":"","format":"standard","meta":{"footnotes":""},"categories":[1],"tags":[],"class_list":["post-1320","post","type-post","status-publish","format-standard","has-post-thumbnail","hentry","category-fashion"],"_links":{"self":[{"href":"https:\/\/fmspecial.com.ar\/index.php\/wp-json\/wp\/v2\/posts\/1320","targetHints":{"allow":["GET"]}}],"collection":[{"href":"https:\/\/fmspecial.com.ar\/index.php\/wp-json\/wp\/v2\/posts"}],"about":[{"href":"https:\/\/fmspecial.com.ar\/index.php\/wp-json\/wp\/v2\/types\/post"}],"author":[{"embeddable":true,"href":"https:\/\/fmspecial.com.ar\/index.php\/wp-json\/wp\/v2\/users\/1"}],"replies":[{"embeddable":true,"href":"https:\/\/fmspecial.com.ar\/index.php\/wp-json\/wp\/v2\/comments?post=1320"}],"version-history":[{"count":1,"href":"https:\/\/fmspecial.com.ar\/index.php\/wp-json\/wp\/v2\/posts\/1320\/revisions"}],"predecessor-version":[{"id":1322,"href":"https:\/\/fmspecial.com.ar\/index.php\/wp-json\/wp\/v2\/posts\/1320\/revisions\/1322"}],"wp:featuredmedia":[{"embeddable":true,"href":"https:\/\/fmspecial.com.ar\/index.php\/wp-json\/wp\/v2\/media\/1321"}],"wp:attachment":[{"href":"https:\/\/fmspecial.com.ar\/index.php\/wp-json\/wp\/v2\/media?parent=1320"}],"wp:term":[{"taxonomy":"category","embeddable":true,"href":"https:\/\/fmspecial.com.ar\/index.php\/wp-json\/wp\/v2\/categories?post=1320"},{"taxonomy":"post_tag","embeddable":true,"href":"https:\/\/fmspecial.com.ar\/index.php\/wp-json\/wp\/v2\/tags?post=1320"}],"curies":[{"name":"wp","href":"https:\/\/api.w.org\/{rel}","templated":true}]}}