{"id":1334,"date":"2026-03-09T23:13:29","date_gmt":"2026-03-09T23:13:29","guid":{"rendered":"https:\/\/fmspecial.com.ar\/?p=1334"},"modified":"2026-03-09T23:13:32","modified_gmt":"2026-03-09T23:13:32","slug":"el-gobierno-provincial-adjudico-la-obra-de-construccion-de-un-azud-nivelador-en-la-laguna-la-verde","status":"publish","type":"post","link":"https:\/\/fmspecial.com.ar\/index.php\/2026\/03\/09\/el-gobierno-provincial-adjudico-la-obra-de-construccion-de-un-azud-nivelador-en-la-laguna-la-verde\/","title":{"rendered":"El Gobierno Provincial adjudic\u00f3 la obra de construcci\u00f3n de un AZUD NIVELADOR en la Laguna La Verde"},"content":{"rendered":"\n<p class=\"wp-block-paragraph\">El senador&nbsp;<strong>Felipe Michlig y el diputado Marcelo Gonz\u00e1lez<\/strong>&nbsp;informaron que a trav\u00e9s del decreto 0354\/2026 que lleva la firma del&nbsp;<strong>Gobernador Maximiliano Pullaro y de los Ministros Pablo Olivares y Lisandro Enrico<\/strong>, el&nbsp;<strong>Gobierno de la Provincia de Santa Fe adjudic\u00f3<\/strong>&nbsp;la obra un&nbsp;<strong>azud nivelador en la Laguna La Verde<\/strong>&nbsp;\u201ca la firma INGENIER\u00cdA Y PILOTES S.R.L., por un importe de $&nbsp;<strong>1.784.631.867,36<\/strong>, por resultar la oferta m\u00e1s conveniente a los intereses del Estado Provincial\u201d.<\/p>\n\n\n\n<figure class=\"wp-block-image\"><img decoding=\"async\" src=\"https:\/\/www.felipemichlig.com\/wp-content\/uploads\/2026\/03\/felipe-laguna-la-verde-1024x614.jpg\" alt=\"\" class=\"wp-image-23740\"\/><\/figure>\n\n\n\n<p class=\"wp-block-paragraph\">Cabe recordar que el acto de apertura de las propuestas se llev\u00f3 a cabo el&nbsp;<strong>d\u00eda 11 de noviembre de 2025<\/strong>, en el mismo complejo de Laguna La Verde, distrito Huanqueros, Dpto. San Crist\u00f3bal en donde, con la presencia del&nbsp;<strong>ministro de educaci\u00f3n Jos\u00e9 Goity<\/strong>, en donde&nbsp;<strong>se hab\u00edan presentado 14 ofertas empresariales para la construcci\u00f3n del \u00abAzud nivelador\u00bb<\/strong>. Tambi\u00e9n en la oportunidad&nbsp;<strong>se presentaron 15 ofertas para la obra del nuevo Paseo Costanero,<\/strong>&nbsp;\u201ccuya&nbsp;<strong>adjudicaci\u00f3n y comienzo de obra es inminente<\/strong>, todo lo cual son grandes&nbsp;<strong>noticias para todo el norte provincial\u201d.<\/strong><\/p>\n\n\n\n<p class=\"wp-block-paragraph\">El senador Michlig detall\u00f3 \u201cque es un proyecto de avanzada, que tiene financiamiento internacional, que cuenta con un&nbsp;<strong>gran trabajo de coordinaci\u00f3n del ministro de Gobierno e Innovaci\u00f3n P\u00fablica Fab\u00edan Bastia, asimismo el compromiso de todo el equipo t\u00e9cnico de cada \u00e1rea&nbsp;<\/strong>y&nbsp;<strong>tal cual nos comprometimos con el Gobernador Maximiliano Pullaro hoy estamos avanzando con este&nbsp;gran objetivo: Transformar Laguna La Verde en un predio tur\u00edstico, educativo y de biodiversidad regional\u201d.<\/strong><\/p>\n\n\n\n<h4 class=\"wp-block-heading\" id=\"azud-nivelador\"><strong>Azud nivelador<\/strong><\/h4>\n\n\n\n<figure class=\"wp-block-image\"><img decoding=\"async\" src=\"https:\/\/www.felipemichlig.com\/wp-content\/uploads\/2026\/03\/azud-nivelador-2.jpg\" alt=\"\" class=\"wp-image-23737\"\/><\/figure>\n\n\n\n<p class=\"wp-block-paragraph\">El proyecto consiste en&nbsp;<strong>la construcci\u00f3n de un azud nivelador en la Laguna La Verde, con el objetivo principal de elevar los niveles de embalse de la laguna para optimizar su aprovechamiento<\/strong>, sin generar impactos negativos en las \u00e1reas urbanas cercanas ni en el sistema de drenaje.&nbsp;En cuanto a su dise\u00f1o t\u00e9cnico, el azud nivelador tendr\u00e1 una cota de +59,40 mIGN y&nbsp;<strong>una longitud de 250 m.<\/strong>&nbsp;Se construir\u00e1n bordos laterales a cota +60,00 mIGN, asegurando una revancha de 0,50 m respecto al nivel m\u00ednimo de la localidad cercana.&nbsp;Se incluir\u00e1n&nbsp;<strong>obras complementarias como un cuenco disipador y protecciones en los bordos.<\/strong>&nbsp;En conclusi\u00f3n, el&nbsp;<strong>proyecto busca mejorar la gesti\u00f3n h\u00eddrica y el aprovechamiento tur\u00edstico de la Laguna La Verde mediante una infraestructura dise\u00f1ada para garantizar la seguridad y sostenibilidad del entorno.<\/strong><\/p>\n\n\n\n<figure class=\"wp-block-image\"><img decoding=\"async\" src=\"https:\/\/www.felipemichlig.com\/wp-content\/uploads\/2026\/03\/azud-nivelador-1.jpg\" alt=\"\" class=\"wp-image-23739\"\/><\/figure>\n\n\n\n<h4 class=\"wp-block-heading\" id=\"minucioso-analisis-tecnico-8211-juridico\"><strong>Minucioso an\u00e1lisis t\u00e9cnico \u2013 jur\u00eddico<\/strong><\/h4>\n\n\n\n<p class=\"wp-block-paragraph\">El&nbsp;<strong>citado decreto<\/strong>&nbsp;da cuenta que \u201c<strong>La Comisi\u00f3n Evaluadora<\/strong>&nbsp;de Ofertas y elaboraci\u00f3n de informes de Preadjudicaci\u00f3n, (integrada por los Arquitectos Leonardo Pugliessi, Sebasti\u00e1n Gonz\u00e1lez, Adolfo Suhr, Pablo Anzilutti, Jimena Vicario, E. Mariana Goris, los Ingenieros Mart\u00edn Guilleron y Lisandro Galmarini y el T\u00e9c. Marcelo Mallia)\u2026<strong>manifest\u00f3 entonces que la firma INGENIER\u00cdA Y PILOTES S.R.L. resulta la econ\u00f3micamente m\u00e1s conveniente a los intereses del Estado<\/strong>&nbsp;<strong>Provincial<\/strong>,&nbsp;<strong>con una oferta de $1.784.631.867,36, inferior en un 8,57% respecto del Presupuesto Oficial<\/strong>;\u2026y cuenta con capacidades suficientes para llevar adelante los trabajos\u201d.<\/p>\n\n\n\n<p class=\"wp-block-paragraph\">En tal sentido en el&nbsp;<strong>art\u00edculo 5 del mencionado decreto<\/strong>&nbsp;se dispone: \u201cApru\u00e9bese la Licitaci\u00f3n P\u00fablica convocada por intermedio del Ministerio de Obras P\u00fablicas, cuya apertura se realizara en fecha 11 de noviembre de 2025 conforme Acta de fojas 15\/18, para la contrataci\u00f3n de la obra\u2026y&nbsp;<strong>adjudicase la misma a la firma INGENIER\u00cdA Y PILOTES S.R.L., en la suma de $ 1.784.631.867,36<\/strong>&nbsp;(PESOS: MIL SETECIENTOS OCHENTA Y CUATRO MILLONES SEISCIENTOS TREINTA Y UN MIL OCHOCIENTOS SESENTA Y SIETE CON 36\/00).<\/p>\n","protected":false},"excerpt":{"rendered":"<p>El senador&nbsp;Felipe Michlig y el diputado Marcelo Gonz\u00e1lez&nbsp;informaron que a trav\u00e9s del decreto 0354\/2026 que lleva la firma del&nbsp;Gobernador Maximiliano Pullaro y de los Ministros Pablo Olivares y Lisandro Enrico, el&nbsp;Gobierno de la Provincia de Santa Fe adjudic\u00f3&nbsp;la obra un&nbsp;azud nivelador en la Laguna La Verde&nbsp;\u201ca la firma INGENIER\u00cdA Y PILOTES S.R.L., por un importe&#8230;<\/p>\n","protected":false},"author":1,"featured_media":1335,"comment_status":"open","ping_status":"open","sticky":false,"template":"","format":"standard","meta":{"footnotes":""},"categories":[1],"tags":[],"class_list":["post-1334","post","type-post","status-publish","format-standard","has-post-thumbnail","hentry","category-fashion"],"_links":{"self":[{"href":"https:\/\/fmspecial.com.ar\/index.php\/wp-json\/wp\/v2\/posts\/1334","targetHints":{"allow":["GET"]}}],"collection":[{"href":"https:\/\/fmspecial.com.ar\/index.php\/wp-json\/wp\/v2\/posts"}],"about":[{"href":"https:\/\/fmspecial.com.ar\/index.php\/wp-json\/wp\/v2\/types\/post"}],"author":[{"embeddable":true,"href":"https:\/\/fmspecial.com.ar\/index.php\/wp-json\/wp\/v2\/users\/1"}],"replies":[{"embeddable":true,"href":"https:\/\/fmspecial.com.ar\/index.php\/wp-json\/wp\/v2\/comments?post=1334"}],"version-history":[{"count":1,"href":"https:\/\/fmspecial.com.ar\/index.php\/wp-json\/wp\/v2\/posts\/1334\/revisions"}],"predecessor-version":[{"id":1336,"href":"https:\/\/fmspecial.com.ar\/index.php\/wp-json\/wp\/v2\/posts\/1334\/revisions\/1336"}],"wp:featuredmedia":[{"embeddable":true,"href":"https:\/\/fmspecial.com.ar\/index.php\/wp-json\/wp\/v2\/media\/1335"}],"wp:attachment":[{"href":"https:\/\/fmspecial.com.ar\/index.php\/wp-json\/wp\/v2\/media?parent=1334"}],"wp:term":[{"taxonomy":"category","embeddable":true,"href":"https:\/\/fmspecial.com.ar\/index.php\/wp-json\/wp\/v2\/categories?post=1334"},{"taxonomy":"post_tag","embeddable":true,"href":"https:\/\/fmspecial.com.ar\/index.php\/wp-json\/wp\/v2\/tags?post=1334"}],"curies":[{"name":"wp","href":"https:\/\/api.w.org\/{rel}","templated":true}]}}