{"id":1389,"date":"2026-04-10T11:23:05","date_gmt":"2026-04-10T11:23:05","guid":{"rendered":"https:\/\/fmspecial.com.ar\/?p=1389"},"modified":"2026-04-10T11:23:07","modified_gmt":"2026-04-10T11:23:07","slug":"provincia-lanzo-una-nueva-edicion-copa-santa-fe-de-golf-con-21-clubes-y-3-700-jugadores-en-19-ciudades","status":"publish","type":"post","link":"https:\/\/fmspecial.com.ar\/index.php\/2026\/04\/10\/provincia-lanzo-una-nueva-edicion-copa-santa-fe-de-golf-con-21-clubes-y-3-700-jugadores-en-19-ciudades\/","title":{"rendered":"Provincia lanz\u00f3 una nueva edici\u00f3n Copa Santa Fe de Golf, con 21 clubes y 3.700 jugadores en 19 ciudades"},"content":{"rendered":"\n<p class=\"wp-block-paragraph\">El certamen fue presentado en el Club de Campo El Paso y comenzar\u00e1 el 11 de abril, con participaci\u00f3n federal y foco en el desarrollo del deporte y el turismo en toda la provincia.<\/p>\n\n\n\n<p class=\"wp-block-paragraph\">El Gobierno de la Provincia present\u00f3 una nueva edici\u00f3n de la Copa Santa Fe de Golf en un acto realizado en el Club de Campo El Paso, con el objetivo de consolidar esta disciplina dentro del calendario deportivo provincial y ampliar su alcance territorial.<br>La competencia, organizada junto a la Federaci\u00f3n de Golf del Sur del Litoral, reunir\u00e1 a 3.700 golfistas matriculados de 21 clubes pertenecientes a 19 ciudades santafesinas. La primera fecha se disputar\u00e1 el pr\u00f3ximo 11 de abril, dando inicio a un calendario que refuerza la integraci\u00f3n deportiva entre distintas localidades.<br>Durante la presentaci\u00f3n, autoridades provinciales, dirigentes y representantes de clubes destacaron el crecimiento sostenido del certamen y su impacto en la promoci\u00f3n del deporte. En ese marco, la secretaria de Turismo de la Provincia, Marcela Aeberhard, se\u00f1al\u00f3: \u201cEstamos muy contentos con esta segunda edici\u00f3n. El golf recorre toda la geograf\u00eda provincial y permite, adem\u00e1s de la competencia, conocer destinos y poner en valor lo que ofrecen nuestras ciudades. Es una oportunidad para articular turismo y deporte\u201d.<br>Por su parte, el secretario de Deportes, Fernando Maletti, subray\u00f3 la expansi\u00f3n de la Copa Santa Fe hacia nuevas disciplinas y adelant\u00f3 la incorporaci\u00f3n de propuestas inclusivas: \u201cCada a\u00f1o el programa crece, suma deportes y visibiliza a m\u00e1s actores, especialmente a los m\u00e1s chicos y al deporte adaptado. En esta edici\u00f3n habr\u00e1 una mayor presencia de estas iniciativas y en los pr\u00f3ximos d\u00edas presentaremos una copa espec\u00edfica de f\u00fatbol adaptado\u201d.<br>En la misma l\u00ednea, el vicepresidente ejecutivo de Loter\u00eda de Santa Fe, Daniel Di Lena, valor\u00f3 el acompa\u00f1amiento institucional al certamen: \u201cEstamos muy contentos de apoyar una nueva edici\u00f3n, que incorpora m\u00e1s deportes y fortalece su alcance. La experiencia del a\u00f1o pasado fue muy positiva y confiamos en que esta edici\u00f3n la superar\u00e1\u201d.<br>El presidente de la Federaci\u00f3n de Golf del Sur del Litoral, Fernando Sexer, destac\u00f3 el respaldo estatal y el crecimiento de la convocatoria. \u201cFue una apuesta muy importante del Gobierno provincial, in\u00e9dita para nuestro deporte. La participaci\u00f3n del a\u00f1o pasado nos sorprendi\u00f3 y esperamos que este a\u00f1o sea a\u00fan mayor\u201d, se\u00f1al\u00f3.<br>Adem\u00e1s, desde la organizaci\u00f3n remarcaron el car\u00e1cter inclusivo de la disciplina, con iniciativas orientadas a personas con discapacidad y propuestas formativas para ni\u00f1os y ni\u00f1as, que se desarrollan en conjunto con clubes de toda la provincia.<br>La Copa Santa Fe de Golf se consolida as\u00ed como una competencia de alcance federal, que combina desarrollo deportivo, integraci\u00f3n territorial y promoci\u00f3n tur\u00edstica.<\/p>\n","protected":false},"excerpt":{"rendered":"<p>El certamen fue presentado en el Club de Campo El Paso y comenzar\u00e1 el 11 de abril, con participaci\u00f3n federal y foco en el desarrollo del deporte y el turismo en toda la provincia. El Gobierno de la Provincia present\u00f3 una nueva edici\u00f3n de la Copa Santa Fe de Golf en un acto realizado en&#8230;<\/p>\n","protected":false},"author":1,"featured_media":1390,"comment_status":"open","ping_status":"open","sticky":false,"template":"","format":"standard","meta":{"footnotes":""},"categories":[10],"tags":[],"class_list":["post-1389","post","type-post","status-publish","format-standard","has-post-thumbnail","hentry","category-provinciales"],"_links":{"self":[{"href":"https:\/\/fmspecial.com.ar\/index.php\/wp-json\/wp\/v2\/posts\/1389","targetHints":{"allow":["GET"]}}],"collection":[{"href":"https:\/\/fmspecial.com.ar\/index.php\/wp-json\/wp\/v2\/posts"}],"about":[{"href":"https:\/\/fmspecial.com.ar\/index.php\/wp-json\/wp\/v2\/types\/post"}],"author":[{"embeddable":true,"href":"https:\/\/fmspecial.com.ar\/index.php\/wp-json\/wp\/v2\/users\/1"}],"replies":[{"embeddable":true,"href":"https:\/\/fmspecial.com.ar\/index.php\/wp-json\/wp\/v2\/comments?post=1389"}],"version-history":[{"count":1,"href":"https:\/\/fmspecial.com.ar\/index.php\/wp-json\/wp\/v2\/posts\/1389\/revisions"}],"predecessor-version":[{"id":1391,"href":"https:\/\/fmspecial.com.ar\/index.php\/wp-json\/wp\/v2\/posts\/1389\/revisions\/1391"}],"wp:featuredmedia":[{"embeddable":true,"href":"https:\/\/fmspecial.com.ar\/index.php\/wp-json\/wp\/v2\/media\/1390"}],"wp:attachment":[{"href":"https:\/\/fmspecial.com.ar\/index.php\/wp-json\/wp\/v2\/media?parent=1389"}],"wp:term":[{"taxonomy":"category","embeddable":true,"href":"https:\/\/fmspecial.com.ar\/index.php\/wp-json\/wp\/v2\/categories?post=1389"},{"taxonomy":"post_tag","embeddable":true,"href":"https:\/\/fmspecial.com.ar\/index.php\/wp-json\/wp\/v2\/tags?post=1389"}],"curies":[{"name":"wp","href":"https:\/\/api.w.org\/{rel}","templated":true}]}}