{"id":1478,"date":"2026-04-30T16:19:13","date_gmt":"2026-04-30T16:19:13","guid":{"rendered":"https:\/\/fmspecial.com.ar\/?p=1478"},"modified":"2026-04-30T16:19:15","modified_gmt":"2026-04-30T16:19:15","slug":"michlig-y-goity-inauguraron-una-nueva-aula-en-la-escuela-n-345-de-huanqueros","status":"publish","type":"post","link":"https:\/\/fmspecial.com.ar\/index.php\/2026\/04\/30\/michlig-y-goity-inauguraron-una-nueva-aula-en-la-escuela-n-345-de-huanqueros\/","title":{"rendered":"Michlig y Goity inauguraron una nueva aula en la Escuela N\u00b0 345\u00a0de Huanqueros\u00a0"},"content":{"rendered":"\n<p class=\"wp-block-paragraph\">El senador provincial Felipe Michlig, junto al ministro de Educaci\u00f3n de Santa Fe, Jos\u00e9 Goity, encabezaron este martes en la localidad de Huanqueros el acto de inauguraci\u00f3n de un aula correspondiente al programa provincial \u201cMil Aulas\u201d, en la Escuela N\u00b0 345 \u201cPadre H. Thelen\u201d, en el marco de una pol\u00edtica de fortalecimiento de la infraestructura escolar.<\/p>\n\n\n\n<p class=\"wp-block-paragraph\"><br>Asimismo, las autoridades realizaron la entrega de una impresora al Centro de Estudiantes, acompa\u00f1ando el trabajo de organizaci\u00f3n y participaci\u00f3n estudiantil.<\/p>\n\n\n\n<p class=\"wp-block-paragraph\">Tambi\u00e9n participaron de la actividad la secretaria general del Ministerio de Educaci\u00f3n, Mar\u00eda Mart\u00edn; el diputado provincial Marcelo Gonz\u00e1lez; el delegado regional de Educaci\u00f3n, Maximiliano Rodr\u00edguez; el director provincial de Educaci\u00f3n Rural, Pedro Oggero; y el presidente comunal, Gabriel Gunzel.<\/p>\n\n\n\n<p class=\"wp-block-paragraph\">\u201cBeneficia a 70 alumnos de la instituci\u00f3n\u201d.<br>Las autoridades fueron recibidas por la directora Rosana Flores, junto a su equipo directivo, docentes y alumnos de la comunidad educativa.<\/p>\n\n\n\n<p class=\"wp-block-paragraph\">La obra \u2014ejecutada por licitaci\u00f3n\u2014 demand\u00f3 una inversi\u00f3n de $91.487.697,35 y beneficia a 70 alumnos de la instituci\u00f3n.<\/p>\n\n\n\n<p class=\"wp-block-paragraph\">La directora Rosana Flores destac\u00f3 que \u201ccada aula nueva es una puerta que se abre al conocimiento, al crecimiento y a los sue\u00f1os de nuestros estudiantes. Valoramos profundamente el acompa\u00f1amiento y la mirada puesta en la educaci\u00f3n como herramienta de transformaci\u00f3n social\u201d.<\/p>\n\n\n\n<p class=\"wp-block-paragraph\">Inversi\u00f3n educativa en el departamento<br>Por su parte, el senador Felipe Michlig subray\u00f3 que \u201cestamos inaugurando una nueva aula con una inversi\u00f3n muy importante del Gobierno Provincial para mejorar las condiciones de toda la comunidad educativa\u201d.<\/p>\n\n\n\n<p class=\"wp-block-paragraph\">Adem\u00e1s, remarc\u00f3 que \u201cactualmente son 31 las aulas entre inauguradas, en ejecuci\u00f3n y pr\u00f3ximas a finalizar en el departamento San Crist\u00f3bal\u201d.<\/p>\n\n\n\n<p class=\"wp-block-paragraph\">En ese sentido, reafirm\u00f3 su compromiso de seguir gestionando infraestructura escolar, destacando que \u201ccada aula que se construye es una inversi\u00f3n directa en el futuro de nuestros j\u00f3venes\u201d.<\/p>\n\n\n\n<p class=\"wp-block-paragraph\">El ministro Jos\u00e9 Goity se\u00f1al\u00f3 que \u201cla verdadera importancia de estas obras se ve cuando se usan y mejoran las condiciones para aprender. La educaci\u00f3n es y seguir\u00e1 siendo una prioridad\u201d.<\/p>\n","protected":false},"excerpt":{"rendered":"<p>El senador provincial Felipe Michlig, junto al ministro de Educaci\u00f3n de Santa Fe, Jos\u00e9 Goity, encabezaron este martes en la localidad de Huanqueros el acto de inauguraci\u00f3n de un aula correspondiente al programa provincial \u201cMil Aulas\u201d, en la Escuela N\u00b0 345 \u201cPadre H. Thelen\u201d, en el marco de una pol\u00edtica de fortalecimiento de la infraestructura&#8230;<\/p>\n","protected":false},"author":1,"featured_media":1479,"comment_status":"open","ping_status":"open","sticky":false,"template":"","format":"standard","meta":{"footnotes":""},"categories":[1],"tags":[],"class_list":["post-1478","post","type-post","status-publish","format-standard","has-post-thumbnail","hentry","category-fashion"],"_links":{"self":[{"href":"https:\/\/fmspecial.com.ar\/index.php\/wp-json\/wp\/v2\/posts\/1478","targetHints":{"allow":["GET"]}}],"collection":[{"href":"https:\/\/fmspecial.com.ar\/index.php\/wp-json\/wp\/v2\/posts"}],"about":[{"href":"https:\/\/fmspecial.com.ar\/index.php\/wp-json\/wp\/v2\/types\/post"}],"author":[{"embeddable":true,"href":"https:\/\/fmspecial.com.ar\/index.php\/wp-json\/wp\/v2\/users\/1"}],"replies":[{"embeddable":true,"href":"https:\/\/fmspecial.com.ar\/index.php\/wp-json\/wp\/v2\/comments?post=1478"}],"version-history":[{"count":1,"href":"https:\/\/fmspecial.com.ar\/index.php\/wp-json\/wp\/v2\/posts\/1478\/revisions"}],"predecessor-version":[{"id":1480,"href":"https:\/\/fmspecial.com.ar\/index.php\/wp-json\/wp\/v2\/posts\/1478\/revisions\/1480"}],"wp:featuredmedia":[{"embeddable":true,"href":"https:\/\/fmspecial.com.ar\/index.php\/wp-json\/wp\/v2\/media\/1479"}],"wp:attachment":[{"href":"https:\/\/fmspecial.com.ar\/index.php\/wp-json\/wp\/v2\/media?parent=1478"}],"wp:term":[{"taxonomy":"category","embeddable":true,"href":"https:\/\/fmspecial.com.ar\/index.php\/wp-json\/wp\/v2\/categories?post=1478"},{"taxonomy":"post_tag","embeddable":true,"href":"https:\/\/fmspecial.com.ar\/index.php\/wp-json\/wp\/v2\/tags?post=1478"}],"curies":[{"name":"wp","href":"https:\/\/api.w.org\/{rel}","templated":true}]}}