{"id":1488,"date":"2026-05-05T21:10:56","date_gmt":"2026-05-05T21:10:56","guid":{"rendered":"https:\/\/fmspecial.com.ar\/?p=1488"},"modified":"2026-05-05T21:10:58","modified_gmt":"2026-05-05T21:10:58","slug":"san-guillermo-entrega-de-insumos-para-la-prevencion-del-dengue-a-localidades-del-dpto-san-cristobal","status":"publish","type":"post","link":"https:\/\/fmspecial.com.ar\/index.php\/2026\/05\/05\/san-guillermo-entrega-de-insumos-para-la-prevencion-del-dengue-a-localidades-del-dpto-san-cristobal\/","title":{"rendered":"San Guillermo: entrega de insumos para la Prevenci\u00f3n del DENGUE a localidades del dpto. San Crist\u00f3bal"},"content":{"rendered":"\n<p class=\"wp-block-paragraph\">En el&nbsp;<strong>Centro Cultural \u201cDaniel Martina\u201d de la ciudad de San Guillermo<\/strong>, se desarroll\u00f3 una jornada de trabajo en el marco del&nbsp;<strong>programa provincial \u201cObjetivo Dengue\u201d,<\/strong>&nbsp;con la&nbsp;<strong>entrega de insumos destinados a fortalecer la prevenci\u00f3n y el control del dengue en todo el departamento San Crist\u00f3bal.<\/strong><\/p>\n\n\n\n<p class=\"wp-block-paragraph\">La actividad&nbsp;<strong>estuvo encabezada por el secretario de Cooperaci\u00f3n del Gobierno Provincial, Cristian Cunha, junto al senador provincial Felipe Michlig<\/strong>, y cont\u00f3 con la bienvenida a cargo de la&nbsp;<strong>intendente local, Romina L\u00f3pez.<\/strong><\/p>\n\n\n\n<p class=\"wp-block-paragraph\">Durante el encuentro, se destac\u00f3 la participaci\u00f3n&nbsp;<strong>de representantes de 27 de las 32 localidades del departamento, entre intendentes y presidentes comunales o sus delegados, entre ellos los siguientes:<\/strong><strong>Ceres, Suardi, San Guillermo, Hersilia, Villa Trinidad, Arruf\u00f3, La Lucila, \u00d1anducita, La Clara, Curupaity, Monigotes, Las Palmeras, Palacios, Colonia Bossi, Colonia Dos Rosas y La Legua, Monte Oscuridad, Colonia Rosa, Colonia Ana, Las Avispas, La Cabral, Capivara, Villa Saralegui, Constanza, Mois\u00e9s Ville y Soledad.<\/strong><\/p>\n\n\n\n<p class=\"wp-block-paragraph\">Cabe se\u00f1alar que no estuvieron presentes representantes de&nbsp;<strong>la Municipalidad de San Crist\u00f3bal, ni de las comunas de Huanqueros, Portugalete, Santurce y Aguar\u00e1 Grande.<\/strong><\/p>\n\n\n\n<h4 class=\"wp-block-heading\" id=\"trabajo-articulado-y-fuerte-apuesta-a-la-prevencion\"><strong>Trabajo articulado y fuerte apuesta a la prevenci\u00f3n<\/strong><\/h4>\n\n\n\n<p class=\"wp-block-paragraph\">En su mensaje, el senador&nbsp;<strong>Felipe Michlig destac\u00f3<\/strong>&nbsp;\u201cel&nbsp;<strong>acompa\u00f1amiento del Gobierno Provincial y la importancia de sostener pol\u00edticas activas de prevenci\u00f3n<\/strong>. Queremos dejar en claro&nbsp;<strong>la predisposici\u00f3n y el esfuerzo del Gobierno Provincial para que cada localidad cuente con los elementos necesarios<\/strong>. Sabemos que en el este del departamento hemos tenido mayores complicaciones por cuestiones clim\u00e1ticas, pero justamente por eso es fundamental estar preparados y reforzar las acciones preventivas\u201d.<\/p>\n\n\n\n<p class=\"wp-block-paragraph\">\u201cHoy podemos decir que&nbsp;<strong>en toda la provincia se registr\u00f3 un solo caso de dengue, que fue en la localidad de Suardi y se trat\u00f3 de una persona que contrajo la enfermedad en el exterior.<\/strong><strong>Gracias a la r\u00e1pida intervenci\u00f3n conjunta con el municipio, no hubo propagaci\u00f3n.<\/strong>&nbsp;Esto demuestra que el camino&nbsp;<strong>es el trabajo articulado entre provincia y localidades\u201d.<\/strong><\/p>\n\n\n\n<p class=\"wp-block-paragraph\">Asimismo, el representante departamental valor\u00f3 \u201c<strong>el rol del equipo provincial, liderado por Cristian Cunha<\/strong>, porque este&nbsp;<strong>programa ha sido clave<\/strong>&nbsp;para que hoy estemos en una situaci\u00f3n mucho m\u00e1s controlada. Vamos a seguir gestionando y acompa\u00f1ando para que cada comunidad tenga lo que necesita\u201d.<\/p>\n\n\n\n<h4 class=\"wp-block-heading\" id=\"hoy-estamos-preparados-para-actuar-antes-que-el-problema-avance\"><strong>\u201cHoy estamos preparados para actuar antes que el problema avance\u201d<\/strong><\/h4>\n\n\n\n<p class=\"wp-block-paragraph\">Por su parte, el secretario de Cooperaci\u00f3n, Cristian Cunha, subray\u00f3 el cambio de enfoque en la pol\u00edtica sanitaria: \u201c<strong>Antes un caso pod\u00eda convertirse en cien, porque no exist\u00eda una articulaci\u00f3n efectiva<\/strong>. Hoy logramos revertir eso:&nbsp;<strong>en lugar de correr detr\u00e1s del problema, estamos preparados para actuar en el momento\u201d.<\/strong><\/p>\n\n\n\n<p class=\"wp-block-paragraph\">En ese sentido, explic\u00f3 que \u201c<strong>el \u00fanico caso registrado recientemente en la provincia tuvo origen en un viaje internacional<\/strong>. Se trat\u00f3 de una persona que regres\u00f3 desde las Islas Maldivas. Lo importante fue la r\u00e1pida reacci\u00f3n de la localidad, que permiti\u00f3 bloquear la propagaci\u00f3n.&nbsp;<strong>Eso demuestra que el sistema est\u00e1 funcionando\u201d.<\/strong><\/p>\n\n\n\n<p class=\"wp-block-paragraph\">\u201cEl&nbsp;<strong>vector del dengue est\u00e1 presente durante todo el a\u00f1o en la provincia.<\/strong>&nbsp;Por eso, la clave es la prevenci\u00f3n y la coordinaci\u00f3n.&nbsp;<strong>No alcanza solo con el Gobierno Provincial si cada municipio no est\u00e1 alineado y preparado\u201d, agreg\u00f3.<\/strong><\/p>\n\n\n\n<p class=\"wp-block-paragraph\">Adem\u00e1s, el funcionario destac\u00f3 el rol del senador Michlig en la gesti\u00f3n, al afirmar que \u201c<strong>Este fue el primer departamento en iniciar la vacunaci\u00f3n contra el dengue y en recibir insumos.<\/strong>&nbsp;Siempre hay una gesti\u00f3n permanente para anticiparse a los problemas, como ocurri\u00f3 tras las \u00faltimas lluvias, cuando se reforzaron los recursos ante el riesgo de proliferaci\u00f3n del mosquito\u201d.<\/p>\n\n\n\n<h4 class=\"wp-block-heading\" id=\"elementos-entregados\"><strong>Elementos entregados<\/strong><\/h4>\n\n\n\n<p class=\"wp-block-paragraph\">Durante la jornada se&nbsp;<strong>distribuyeron distintos insumos esenciales para la prevenci\u00f3n y el control del dengue<\/strong>, entre ellos: DEPE para fumigaci\u00f3n; repelentes (producidos y stockeados en el Laboratorio Industrial Farmac\u00e9utico -LIF-); mochilas de aplicaci\u00f3n y equipos de termoniebla.<\/p>\n\n\n\n<p class=\"wp-block-paragraph\">Estos recursos permitir\u00e1n fortalecer las acciones locales, especialmente en situaciones de riesgo o ante la aparici\u00f3n de casos sospechosos.<\/p>\n","protected":false},"excerpt":{"rendered":"<p>En el&nbsp;Centro Cultural \u201cDaniel Martina\u201d de la ciudad de San Guillermo, se desarroll\u00f3 una jornada de trabajo en el marco del&nbsp;programa provincial \u201cObjetivo Dengue\u201d,&nbsp;con la&nbsp;entrega de insumos destinados a fortalecer la prevenci\u00f3n y el control del dengue en todo el departamento San Crist\u00f3bal. La actividad&nbsp;estuvo encabezada por el secretario de Cooperaci\u00f3n del Gobierno Provincial, Cristian&#8230;<\/p>\n","protected":false},"author":1,"featured_media":1489,"comment_status":"open","ping_status":"open","sticky":false,"template":"","format":"standard","meta":{"footnotes":""},"categories":[1],"tags":[],"class_list":["post-1488","post","type-post","status-publish","format-standard","has-post-thumbnail","hentry","category-fashion"],"_links":{"self":[{"href":"https:\/\/fmspecial.com.ar\/index.php\/wp-json\/wp\/v2\/posts\/1488","targetHints":{"allow":["GET"]}}],"collection":[{"href":"https:\/\/fmspecial.com.ar\/index.php\/wp-json\/wp\/v2\/posts"}],"about":[{"href":"https:\/\/fmspecial.com.ar\/index.php\/wp-json\/wp\/v2\/types\/post"}],"author":[{"embeddable":true,"href":"https:\/\/fmspecial.com.ar\/index.php\/wp-json\/wp\/v2\/users\/1"}],"replies":[{"embeddable":true,"href":"https:\/\/fmspecial.com.ar\/index.php\/wp-json\/wp\/v2\/comments?post=1488"}],"version-history":[{"count":1,"href":"https:\/\/fmspecial.com.ar\/index.php\/wp-json\/wp\/v2\/posts\/1488\/revisions"}],"predecessor-version":[{"id":1490,"href":"https:\/\/fmspecial.com.ar\/index.php\/wp-json\/wp\/v2\/posts\/1488\/revisions\/1490"}],"wp:featuredmedia":[{"embeddable":true,"href":"https:\/\/fmspecial.com.ar\/index.php\/wp-json\/wp\/v2\/media\/1489"}],"wp:attachment":[{"href":"https:\/\/fmspecial.com.ar\/index.php\/wp-json\/wp\/v2\/media?parent=1488"}],"wp:term":[{"taxonomy":"category","embeddable":true,"href":"https:\/\/fmspecial.com.ar\/index.php\/wp-json\/wp\/v2\/categories?post=1488"},{"taxonomy":"post_tag","embeddable":true,"href":"https:\/\/fmspecial.com.ar\/index.php\/wp-json\/wp\/v2\/tags?post=1488"}],"curies":[{"name":"wp","href":"https:\/\/api.w.org\/{rel}","templated":true}]}}