{"id":1494,"date":"2026-05-05T21:17:14","date_gmt":"2026-05-05T21:17:14","guid":{"rendered":"https:\/\/fmspecial.com.ar\/?p=1494"},"modified":"2026-05-05T21:17:16","modified_gmt":"2026-05-05T21:17:16","slug":"bibliotecas-populares-del-dpto-san-cristobal-recibieron-aportes-institucionales-por-34-millones","status":"publish","type":"post","link":"https:\/\/fmspecial.com.ar\/index.php\/2026\/05\/05\/bibliotecas-populares-del-dpto-san-cristobal-recibieron-aportes-institucionales-por-34-millones\/","title":{"rendered":"Bibliotecas populares del dpto. San Crist\u00f3bal recibieron aportes institucionales por $34 millones"},"content":{"rendered":"\n<p class=\"wp-block-paragraph\"><strong>En la Biblioteca Popular N\u00b0 3911 \u201cMiguel \u00c1ngel Sosa\u201d de la localidad de Arruf\u00f3,&nbsp;<\/strong>el senador provincial<strong>&nbsp;Felipe Michlig y el diputado Marcelo Gonz\u00e1lez<\/strong>&nbsp;encabezaron un acto de&nbsp;<strong>entrega de aportes del Programa Legislativo de fortalecimiento institucional (PFI)<\/strong>, -en este caso- destinada a&nbsp;<strong>12 bibliotecas populares del departamento San Crist\u00f3bal.<\/strong><\/p>\n\n\n\n<p class=\"wp-block-paragraph\">La jornada cont\u00f3 adem\u00e1s con la participaci\u00f3n del director de la<strong>&nbsp;Comisi\u00f3n de Bibliotecas Populares de la Provincia, Norberto Coppes<\/strong>; la referente territorial del Ministerio de Cultura,&nbsp;<strong>Carolina Corona;&nbsp;<\/strong>el presidente comunal C<strong>ristian Piumatti<\/strong>; junto a representantes de 12 bibliotecas populares, autoridades locales y regionales.<\/p>\n\n\n\n<h4 class=\"wp-block-heading\" id=\"aportes-entregados\">Aportes entregados<\/h4>\n\n\n\n<p class=\"wp-block-paragraph\">Durante el acto se concret\u00f3 la e<strong>ntrega de aportes por un total de $34.000.000, destinados principalmente a acompa\u00f1ar la participaci\u00f3n de las instituciones en la Feria Internacional del Libro de Buenos Aires<\/strong>, promoviendo el acceso a material bibliogr\u00e1fico actualizado y el fortalecimiento del trabajo cultural en cada comunidad.<\/p>\n\n\n\n<p class=\"wp-block-paragraph\">\u201c<strong>Son 12 bibliotecas que hoy est\u00e1n aqu\u00ed presentes, as\u00ed que bienvenidos a todos.&nbsp;<\/strong>Valoramos enormemente&nbsp;<strong>el trabajo que hacen, el esfuerzo de cada instituci\u00f3n del interior,&nbsp;<\/strong>dejando muchas veces todo para poder viajar, capacitarse y traer m\u00e1s libros para sus comunidades\u201d, destac\u00f3 el senador Michlig.<\/p>\n\n\n\n<h4 class=\"wp-block-heading\" id=\"sembrar-cultura-y-generar-oportunidades\">\u201cSembrar cultura y generar oportunidades\u201d<\/h4>\n\n\n\n<p class=\"wp-block-paragraph\">Por otra parte el representante departamental indic\u00f3 que \u201c<strong>Hoy estamos distribuyendo 34 millones de pesos. Aquellas bibliotecas con personer\u00eda jur\u00eddica reciben un monto mayor, mientras que tambi\u00e9n acompa\u00f1amos a las que no la tienen, porque sabemos del esfuerzo que hacen para seguir creciendo y brindando servicios\u201d.<\/strong><\/p>\n\n\n\n<p class=\"wp-block-paragraph\">Finalmente, puso&nbsp;<strong>a disposici\u00f3n su equipo de trabajo para \u00abcolaborar en la regularizaci\u00f3n institucional de aquellas entidades que lo necesiten\u00bb.<\/strong><\/p>\n\n\n\n<h4 class=\"wp-block-heading\" id=\"esto-no-es-comun\">\u201cEsto no es com\u00fan\u201d<\/h4>\n\n\n\n<p class=\"wp-block-paragraph\">Por su parte, el director provincial N<strong>orberto Coppes transmiti\u00f3 el saludo de las autoridades del Ministerio de Cultura y destac\u00f3 la decisi\u00f3n pol\u00edtica de acompa\u00f1ar a las bibliotecas:<\/strong>&nbsp;\u201cNo es com\u00fan que&nbsp;<strong>todas las bibliotecas de un departamento reciban aportes como sucede aqu\u00ed. No lo naturalicemos: esto habla de autoridades que valoran profundamente el trabajo cultural y el voluntariado\u201d.<\/strong><\/p>\n\n\n\n<p class=\"wp-block-paragraph\">Adem\u00e1s, desde la Direcci\u00f3n Provincial de Bibliotecas Populares s<strong>e realiz\u00f3 la entrega de material bibliogr\u00e1fico para cada instituci\u00f3n, incluyendo ejemplares de la editorial Listo Calisto y publicaciones provinciales.<\/strong><\/p>\n\n\n\n<h4 class=\"wp-block-heading\" id=\"la-palabra-de-la-institucion-anfitriona\"><strong>La palabra de la instituci\u00f3n anfitriona<\/strong><\/h4>\n\n\n\n<p class=\"wp-block-paragraph\">El presidente de la biblioteca anfitriona,&nbsp;<strong>Walter Martinuzzi, dio la bienvenida a los presentes y agradeci\u00f3 la elecci\u00f3n de Arruf\u00f3 como sede del encuentro:<\/strong>&nbsp;\u201cPara nosotros&nbsp;<strong>es un gusto recibir a todas las bibliotecas de la regi\u00f3n.&nbsp;<\/strong>Estos aportes representan mucho m\u00e1s que un respaldo econ\u00f3mico: son la posibilidad de seguir haciendo crecer el acervo cultural y fomentar la lectura en nuestras comunidades\u201d.<\/p>\n\n\n\n<p class=\"wp-block-paragraph\">Tambi\u00e9n subray\u00f3&nbsp;<strong>la importancia de la participaci\u00f3n en la Feria del Libro<\/strong>&nbsp;como una oportunidad clave para fortalecer el trabajo cotidiano de cada instituci\u00f3n.<\/p>\n\n\n\n<h4 class=\"wp-block-heading\" id=\"entidades-beneficiadas\">Entidades beneficiadas<\/h4>\n\n\n\n<p class=\"wp-block-paragraph\">Los aportes alcanzaron a las siguientes bibliotecas:<\/p>\n\n\n\n<ul class=\"wp-block-list\">\n<li>Biblioteca Municipal de San Guillermo<\/li>\n\n\n\n<li>Biblioteca del Club Uni\u00f3n Cultural y Deportiva \u201cGast\u00f3n Goris\u201d de San Guillermo<\/li>\n\n\n\n<li>Biblioteca Popular \u201cDomingo Faustino Sarmiento\u201d de Ceres<\/li>\n\n\n\n<li>Biblioteca Popular \u201cSan Mart\u00edn\u201d de San Crist\u00f3bal<\/li>\n\n\n\n<li>Biblioteca Popular \u201cDomingo Faustino Sarmiento\u201d de Suardi<\/li>\n\n\n\n<li>Biblioteca Popular \u201cJuan Bautista Alberdi\u201d de Hersilia<\/li>\n\n\n\n<li>Biblioteca Popular \u201cMadre Teresa de Calcuta\u201d de Colonia Bossi<\/li>\n\n\n\n<li>Biblioteca Popular \u201cGast\u00f3n Bianchi\u201d de Colonia Rosa<\/li>\n\n\n\n<li>Biblioteca Popular \u201cBar\u00f3n Hirsch\u201d de Mois\u00e9s Ville<\/li>\n\n\n\n<li>Biblioteca Popular \u201cJos\u00e9 Hern\u00e1ndez\u201d de Ambrosetti<\/li>\n\n\n\n<li>Biblioteca Popular \u201cAlas\u201d de Villa Trinidad<\/li>\n\n\n\n<li>Biblioteca Popular \u201cMiguel \u00c1ngel Sosa\u201d de Arruf\u00f3<\/li>\n<\/ul>\n\n\n\n<p class=\"wp-block-paragraph\">Asimismo, se realiz\u00f3 la entrega de<strong>&nbsp;un aire acondicionado de 6.500 frigor\u00edas al Jard\u00edn de Infantes N\u00b0 335<\/strong>, fortaleciendo su infraestructura.<\/p>\n\n\n\n<p class=\"wp-block-paragraph\">Adem\u00e1s, la biblioteca&nbsp;<strong>anfitriona recibi\u00f3 un aporte del PFI destinado a la organizaci\u00f3n de la Fiesta de la Tradici\u00f3n,&nbsp;<\/strong>en reconocimiento a su rol activo en la promoci\u00f3n cultural local.<\/p>\n\n\n\n<h4 class=\"wp-block-heading\" id=\"autoridades-presentes\">Autoridades presentes<\/h4>\n\n\n\n<p class=\"wp-block-paragraph\">Acompa\u00f1aron la actividad el intendente de Suardi,&nbsp;<strong>Leandro Gastaldi;<\/strong>&nbsp;la intendente de San Guillermo,&nbsp;<strong>Romina L\u00f3pez;&nbsp;<\/strong>y los presidentes comunales&nbsp;<strong>Silvana Romero<\/strong>&nbsp;(Hersilia),&nbsp;<strong>Dianela Michlig&nbsp;<\/strong>(Ambrosetti),&nbsp;<strong>Silvana Imoberdorf (<\/strong>Colonia Rosa) y&nbsp;<strong>Marcelo Lind<\/strong>&nbsp;(Mois\u00e9s Ville), entre otras autoridades.<\/p>\n","protected":false},"excerpt":{"rendered":"<p>En la Biblioteca Popular N\u00b0 3911 \u201cMiguel \u00c1ngel Sosa\u201d de la localidad de Arruf\u00f3,&nbsp;el senador provincial&nbsp;Felipe Michlig y el diputado Marcelo Gonz\u00e1lez&nbsp;encabezaron un acto de&nbsp;entrega de aportes del Programa Legislativo de fortalecimiento institucional (PFI), -en este caso- destinada a&nbsp;12 bibliotecas populares del departamento San Crist\u00f3bal. La jornada cont\u00f3 adem\u00e1s con la participaci\u00f3n del director de&#8230;<\/p>\n","protected":false},"author":1,"featured_media":1495,"comment_status":"open","ping_status":"open","sticky":false,"template":"","format":"standard","meta":{"footnotes":""},"categories":[1],"tags":[],"class_list":["post-1494","post","type-post","status-publish","format-standard","has-post-thumbnail","hentry","category-fashion"],"_links":{"self":[{"href":"https:\/\/fmspecial.com.ar\/index.php\/wp-json\/wp\/v2\/posts\/1494","targetHints":{"allow":["GET"]}}],"collection":[{"href":"https:\/\/fmspecial.com.ar\/index.php\/wp-json\/wp\/v2\/posts"}],"about":[{"href":"https:\/\/fmspecial.com.ar\/index.php\/wp-json\/wp\/v2\/types\/post"}],"author":[{"embeddable":true,"href":"https:\/\/fmspecial.com.ar\/index.php\/wp-json\/wp\/v2\/users\/1"}],"replies":[{"embeddable":true,"href":"https:\/\/fmspecial.com.ar\/index.php\/wp-json\/wp\/v2\/comments?post=1494"}],"version-history":[{"count":1,"href":"https:\/\/fmspecial.com.ar\/index.php\/wp-json\/wp\/v2\/posts\/1494\/revisions"}],"predecessor-version":[{"id":1496,"href":"https:\/\/fmspecial.com.ar\/index.php\/wp-json\/wp\/v2\/posts\/1494\/revisions\/1496"}],"wp:featuredmedia":[{"embeddable":true,"href":"https:\/\/fmspecial.com.ar\/index.php\/wp-json\/wp\/v2\/media\/1495"}],"wp:attachment":[{"href":"https:\/\/fmspecial.com.ar\/index.php\/wp-json\/wp\/v2\/media?parent=1494"}],"wp:term":[{"taxonomy":"category","embeddable":true,"href":"https:\/\/fmspecial.com.ar\/index.php\/wp-json\/wp\/v2\/categories?post=1494"},{"taxonomy":"post_tag","embeddable":true,"href":"https:\/\/fmspecial.com.ar\/index.php\/wp-json\/wp\/v2\/tags?post=1494"}],"curies":[{"name":"wp","href":"https:\/\/api.w.org\/{rel}","templated":true}]}}