{"id":1512,"date":"2026-05-07T21:47:23","date_gmt":"2026-05-07T21:47:23","guid":{"rendered":"https:\/\/fmspecial.com.ar\/?p=1512"},"modified":"2026-05-07T22:28:08","modified_gmt":"2026-05-07T22:28:08","slug":"cuando-hablamos-de-pasar-de-la-vecindad-del-chavo-a-la-vecindad-digital-no-hablamos-solo-de-tecnologia","status":"publish","type":"post","link":"https:\/\/fmspecial.com.ar\/index.php\/2026\/05\/07\/cuando-hablamos-de-pasar-de-la-vecindad-del-chavo-a-la-vecindad-digital-no-hablamos-solo-de-tecnologia\/","title":{"rendered":"Cuando hablamos de pasar de la vecindad del Chavo a la vecindad digital, no hablamos s\u00f3lo de tecnolog\u00eda"},"content":{"rendered":"\n<p class=\"wp-block-paragraph\">Apertura del conversatorio<br>\u201cCuando hablamos de pasar de la vecindad del Chavo a la vecindad digital, no hablamos s\u00f3lo de tecnolog\u00eda:<br>Antes el barrio educaba. Hoy gran parte de la socializaci\u00f3n ocurre en redes. Muchos interrogantes se abrieron hoy en la jornada de reflexi\u00f3n y debate. \u00bfQu\u00e9 consecuencias tiene que los algoritmos ocupen un lugar que antes ten\u00edan la familia, la escuela o la comunidad?<\/p>\n\n\n\n<p class=\"wp-block-paragraph\">Sobre el aburrimiento<br>Muchos especialistas dicen que el aburrimiento era creativo y hoy casi desapareci\u00f3. \u00bfQu\u00e9 pierde un ni\u00f1o cuando nunca queda solo con sus pensamientos?<\/p>\n\n\n\n<p class=\"wp-block-paragraph\">Y la incidencia de redes sociales, dopamina y salud mental?<br>\u00bfLas redes sociales est\u00e1n dise\u00f1adas para conectar personas o para captar atenci\u00f3n?<\/p>\n\n\n\n<p class=\"wp-block-paragraph\">\u00bfQu\u00e9 ocurre en el cerebro de ni\u00f1os y adolescentes cuando viven expuestos a est\u00edmulos constantes, likes, validaci\u00f3n inmediata y comparaci\u00f3n permanente?<\/p>\n\n\n\n<p class=\"wp-block-paragraph\">\u00bfEstamos frente a una generaci\u00f3n m\u00e1s comunicada o m\u00e1s sola emocionalmente?<\/p>\n\n\n\n<p class=\"wp-block-paragraph\">\u00bfC\u00f3mo influye la l\u00f3gica del \u201cmostrar felicidad\u201d en adolescentes que todav\u00eda est\u00e1n construyendo su autoestima?<br>Sobre violencia y agresividad<br>\u00bfExiste relaci\u00f3n entre hiperestimulaci\u00f3n digital, ansiedad y aumento de conductas violentas o impulsivas en las escuelas?<\/p>\n\n\n\n<p class=\"wp-block-paragraph\">Muchos docentes hablan de chicos agotados emocionalmente, dispersos o irritables. \u00bfQu\u00e9 lectura hacen de eso?<br>\u00bfLos adultos realmente acompa\u00f1amos a los chicos en el mundo digital o simplemente les damos dispositivos para sobrevivir al cansancio cotidiano?<\/p>\n\n\n\n<p class=\"wp-block-paragraph\">\u00bfCu\u00e1l es la diferencia entre controlar y acompa\u00f1ar?<\/p>\n\n\n\n<p class=\"wp-block-paragraph\">\u00bfPor qu\u00e9 muchas veces los adultos sentimos culpa al poner l\u00edmites tecnol\u00f3gicos?<\/p>\n\n\n\n<p class=\"wp-block-paragraph\">\u00bfQu\u00e9 pasa cuando los propios padres tambi\u00e9n est\u00e1n atrapados por las pantallas?<\/p>\n\n\n\n<p class=\"wp-block-paragraph\">\u00bfEstamos criando hijos hiperconectados pero emocionalmente solos?<br>La escuela naci\u00f3 para otro mundo. \u00bfLa educaci\u00f3n logr\u00f3 adaptarse a esta nueva realidad digital o sigue ense\u00f1ando con l\u00f3gica del siglo pasado?<br>\u00bfLa inteligencia artificial y la tecnolog\u00eda pueden enriquecer el aprendizaje o corremos riesgo de reemplazar procesos fundamentales como pensar, imaginar o reflexionar?<br>\u00bfQu\u00e9 deber\u00eda ense\u00f1ar hoy la escuela que quiz\u00e1s antes no era necesario ense\u00f1ar?<\/p>\n\n\n\n<p class=\"wp-block-paragraph\">Y los riesgos invisibles?<br>Grooming, apuestas online, pornograf\u00eda temprana, ciberbullying, aislamiento\u2026 \u00bfEstamos dimensionando realmente lo que atraviesan ?<\/p>\n\n\n\n<p class=\"wp-block-paragraph\">Por toda esta problem\u00e1tica es que la coordinaci\u00f3n de educaci\u00f3n del Gobierno de la ciudad realiz\u00f3 en Ceres el conversatorio \u201cDe la vecindad del Chavo a la vecindad digital\u201d<br>En Ceres se llev\u00f3 adelante ayer por la tarde el conversatorio \u201cDe la vecindad del Chavo a la vecindad digital\u201d, una propuesta destinada a reflexionar sobre las nuevas infancias y el impacto de las redes sociales, internet y las pantallas en ni\u00f1os, ni\u00f1as y adolescentes.<\/p>\n\n\n\n<p class=\"wp-block-paragraph\">La actividad se desarroll\u00f3 a las 15 horas en la Sociedad Italiana y convoc\u00f3 a padres, docentes y personas interesadas en debatir acerca de los desaf\u00edos que plantea el actual contexto digital.<\/p>\n\n\n\n<p class=\"wp-block-paragraph\">Durante el encuentro se abordaron temas vinculados al uso de dispositivos, la hiperconectividad, la exposici\u00f3n temprana a redes sociales y las transformaciones en las formas de socializaci\u00f3n, aprendizaje y construcci\u00f3n de v\u00ednculos.<\/p>\n\n\n\n<p class=\"wp-block-paragraph\">El conversatorio tambi\u00e9n puso el foco en el rol de las familias y de las instituciones educativas frente a problem\u00e1ticas como la ansiedad, la sobreestimulaci\u00f3n, el aislamiento y las dificultades emocionales que atraviesan muchos chicos y adolescentes en la era digital.<\/p>\n\n\n\n<p class=\"wp-block-paragraph\">La propuesta invit\u00f3 a pensar c\u00f3mo acompa\u00f1ar de manera m\u00e1s consciente y cercana a las nuevas generaciones, en un escenario donde la virtualidad ocupa un lugar cada vez m\u00e1s importante en la vida cotidiana.<\/p>\n\n\n\n<p class=\"wp-block-paragraph\">La iniciativa cont\u00f3 con el acompa\u00f1amiento del Gobierno de la Ciudad de Ceres.<\/p>\n\n\n\n<p class=\"wp-block-paragraph\">ESCUCHAR AUDIO ENTREVISTA<\/p>\n\n\n\n<figure class=\"wp-block-audio\"><audio controls src=\"https:\/\/fmspecial.com.ar\/entrevista.mp3\"><\/audio><\/figure>\n\n\n\n<p class=\"wp-block-paragraph\"><\/p>\n\n\n\n<p class=\"wp-block-paragraph\"><\/p>\n","protected":false},"excerpt":{"rendered":"<p>Apertura del conversatorio\u201cCuando hablamos de pasar de la vecindad del Chavo a la vecindad digital, no hablamos s\u00f3lo de tecnolog\u00eda:Antes el barrio educaba. Hoy gran parte de la socializaci\u00f3n ocurre en redes. Muchos interrogantes se abrieron hoy en la jornada de reflexi\u00f3n y debate. \u00bfQu\u00e9 consecuencias tiene que los algoritmos ocupen un lugar que antes&#8230;<\/p>\n","protected":false},"author":1,"featured_media":1513,"comment_status":"open","ping_status":"open","sticky":false,"template":"","format":"standard","meta":{"footnotes":""},"categories":[1],"tags":[],"class_list":["post-1512","post","type-post","status-publish","format-standard","has-post-thumbnail","hentry","category-fashion"],"_links":{"self":[{"href":"https:\/\/fmspecial.com.ar\/index.php\/wp-json\/wp\/v2\/posts\/1512","targetHints":{"allow":["GET"]}}],"collection":[{"href":"https:\/\/fmspecial.com.ar\/index.php\/wp-json\/wp\/v2\/posts"}],"about":[{"href":"https:\/\/fmspecial.com.ar\/index.php\/wp-json\/wp\/v2\/types\/post"}],"author":[{"embeddable":true,"href":"https:\/\/fmspecial.com.ar\/index.php\/wp-json\/wp\/v2\/users\/1"}],"replies":[{"embeddable":true,"href":"https:\/\/fmspecial.com.ar\/index.php\/wp-json\/wp\/v2\/comments?post=1512"}],"version-history":[{"count":3,"href":"https:\/\/fmspecial.com.ar\/index.php\/wp-json\/wp\/v2\/posts\/1512\/revisions"}],"predecessor-version":[{"id":1518,"href":"https:\/\/fmspecial.com.ar\/index.php\/wp-json\/wp\/v2\/posts\/1512\/revisions\/1518"}],"wp:featuredmedia":[{"embeddable":true,"href":"https:\/\/fmspecial.com.ar\/index.php\/wp-json\/wp\/v2\/media\/1513"}],"wp:attachment":[{"href":"https:\/\/fmspecial.com.ar\/index.php\/wp-json\/wp\/v2\/media?parent=1512"}],"wp:term":[{"taxonomy":"category","embeddable":true,"href":"https:\/\/fmspecial.com.ar\/index.php\/wp-json\/wp\/v2\/categories?post=1512"},{"taxonomy":"post_tag","embeddable":true,"href":"https:\/\/fmspecial.com.ar\/index.php\/wp-json\/wp\/v2\/tags?post=1512"}],"curies":[{"name":"wp","href":"https:\/\/api.w.org\/{rel}","templated":true}]}}