{"id":1525,"date":"2026-05-12T11:20:17","date_gmt":"2026-05-12T11:20:17","guid":{"rendered":"https:\/\/fmspecial.com.ar\/?p=1525"},"modified":"2026-05-12T11:20:19","modified_gmt":"2026-05-12T11:20:19","slug":"entrega-de-aportes-a-instituciones-de-ceres-por-mas-de-12-millones-y-visita-al-centro-de-dia-alas","status":"publish","type":"post","link":"https:\/\/fmspecial.com.ar\/index.php\/2026\/05\/12\/entrega-de-aportes-a-instituciones-de-ceres-por-mas-de-12-millones-y-visita-al-centro-de-dia-alas\/","title":{"rendered":"Entrega de aportes a instituciones de Ceres por m\u00e1s de $12 millones y visita al Centro de D\u00eda \u00abAlas\u201d"},"content":{"rendered":"\n<p class=\"wp-block-paragraph\"><strong>En la ciudad de Ceres, el senador provincial Felipe Michlig y el diputado provincial Marcelo Gonz\u00e1lez<\/strong><\/p>\n\n\n\n<p class=\"wp-block-paragraph\">junto a&nbsp;<strong>la intendente Alejandra Dupouy y el secretario de Gobierno Federico Uberti,<\/strong>&nbsp;-en el primer tramo de&nbsp;<strong>una amplia agenda de trabajo- entregaron aportes a instituciones por un monto total de $12.100.000<\/strong>&nbsp;destinados a&nbsp;<strong>instituciones deportivas, culturales y sociales de la ciudad.<\/strong><\/p>\n\n\n\n<h4 class=\"wp-block-heading\" id=\"luego-visitaron-el-centro-de-dia-alas\"><strong>Luego visitaron el Centro de D\u00eda \u00abAlas<\/strong>\u00ab<\/h4>\n\n\n\n<p class=\"wp-block-paragraph\">(instituci\u00f3n que se dedica a la&nbsp;<strong>atenci\u00f3n terap\u00e9utica de personas con discapacidad)<\/strong>&nbsp;para&nbsp;<strong>brindar ayuda provincial<\/strong>&nbsp;ante&nbsp;<strong>la delicada situaci\u00f3n financiera que atraviesa la entidad producto de lo que le adeuda el Gobierno Nacional del Presidente Javier Milei, (\u00abalrededor de 30 millones de pesos<\/strong>, situaci\u00f3n que&nbsp;<strong>pone en riesgo el normal funcionamiento de la entidad\u00bb)<\/strong>.<\/p>\n\n\n\n<h4 class=\"wp-block-heading\" id=\"aportes-pfi-por-mas-de-12-millones\"><strong>Aportes PFI por m\u00e1s de $12 millones<\/strong><\/h4>\n\n\n\n<p class=\"wp-block-paragraph\">La primer actividad se llev\u00f3 a cabo&nbsp;<strong>en la Municipalidad local, donde las autoridades concretaron la entrega de aportes provenientes de la C\u00e1mara de Senadores (Programa de Fortalecimiento Institucional) y de la C\u00e1mara de Diputados<\/strong>&nbsp;por&nbsp;<strong>un monto total de $12.100.000<\/strong>&nbsp;destinados a&nbsp;<strong>instituciones deportivas, culturales y sociales de la ciudad.<\/strong><\/p>\n\n\n\n<p class=\"wp-block-paragraph\">Los aportes&nbsp;<strong>fueron destinados a las siguientes instituciones<\/strong>: \u2013<strong>Club 25 de Mayo<\/strong>, para el Torneo Aniversario de Bochas; \/\/ \u2013<strong>Vecinal Barrio Quilmes<\/strong>&nbsp;para obras edilicias; \/\/<strong>-Escuela de F\u00fatbol de los Barrios<\/strong>&nbsp;para camisetas destinadas a los ni\u00f1os; \/\/-<strong>Azul Escuela de Canto<\/strong>&nbsp;para infraestructura; \/\/-<strong>Ceres Rugby<\/strong>&nbsp;para gastos de funcionamiento;&nbsp;<strong>\/\/-Vecinal Barrio Las Am\u00e9ricas<\/strong>&nbsp;para mejoras edilicias;&nbsp;<strong>\/\/-Ceres Rock<\/strong>&nbsp;por el evento realizado el pasado 9 de mayo;&nbsp;<strong>\/\/-Amigos de los Animales<\/strong>&nbsp;para funcionamiento);&nbsp;<strong>\/\/-C\u00edrculo Regional de Ajedrez<\/strong>&nbsp;para la realizaci\u00f3n de un torneo.<\/p>\n\n\n\n<h4 class=\"wp-block-heading\" id=\"compleja-situacion-economica\"><strong>Compleja situaci\u00f3n econ\u00f3mica<\/strong><\/h4>\n\n\n\n<p class=\"wp-block-paragraph\">Al dirigirse a los presentes, el senador Felipe Michlig destac\u00f3 que \u201cjunto con&nbsp;<strong>el diputado tratamos de ayudar la dura gesti\u00f3n que tiene un intendente o un presidente comunal<\/strong>&nbsp;que tienen que lidiar con los problemas que hoy nos plantea la compleja situaci\u00f3n econ\u00f3mica\u201d.<\/p>\n\n\n\n<p class=\"wp-block-paragraph\">\u201cIgualmente acompa\u00f1amos a las instituciones en un contexto econ\u00f3mico muy complejo\u201d, a la vez que adelant\u00f3 que \u201cpr\u00f3ximamente continuar\u00e1n&nbsp;<strong>nuevas entregas de aportes para distintas instituciones de la ciudad, de acuerdo con la programaci\u00f3n y disponibilidad de fondos legislativos y de los distintos programas del gobierno provincial<\/strong>&nbsp;que conduce el Gobernador&nbsp;<strong>Maximiliano Pullaro\u201d.<\/strong><\/p>\n\n\n\n<p class=\"wp-block-paragraph\">Por su parte, la intendente&nbsp;<strong>Alejandra Dupouy<\/strong>&nbsp;agradeci\u00f3 el acompa\u00f1amiento permanente del senador Michlig y del diputado y destac\u00f3 que \u201cestos aportes que suman algo m\u00e1s de doce millones de&nbsp;<strong>pesos vienen muy bien\u201d, se\u00f1alando que la situaci\u00f3n econ\u00f3mica \u201cse est\u00e1 complejizando d\u00eda a d\u00eda\u201d,<\/strong>&nbsp;especialmente para clubes e instituciones sociales de la ciudad.<\/p>\n\n\n\n<h4 class=\"wp-block-heading\" id=\"acompanamiento-al-centro-de-dia-alas\"><strong>Acompa\u00f1amiento al Centro de D\u00eda \u00abAlas<\/strong>\u00ab<\/h4>\n\n\n\n<p class=\"wp-block-paragraph\">Seguidamente, las&nbsp;<strong>autoridades visitaron el Centro de D\u00eda Alas,<\/strong>&nbsp;donde fueron recibidos por la presidenta de la instituci\u00f3n&nbsp;<strong>Mar\u00eda Rosa G\u00f3ngora, la secretaria Claudia M\u00e9ndez y la tesorera Gilda P\u00e9rez.<\/strong><\/p>\n\n\n\n<p class=\"wp-block-paragraph\">Durante el encuentro dialogaron sobre&nbsp;<strong>la delicada situaci\u00f3n econ\u00f3mica y financiera que atraviesa la entidad<\/strong>. En ese marco, el senador Michlig, el diputado Gonz\u00e1lez y la Municipalidad de Ceres&nbsp;<strong>asumieron el compromiso de contribuir con un aporte para colaborar con el sostenimiento de la instituci\u00f3n<\/strong>&nbsp;y acompa\u00f1ar este dif\u00edcil momento.<\/p>\n\n\n\n<p class=\"wp-block-paragraph\">Asimismo, l<strong>as autoridades se comprometieron a realizar gestiones ante el programa nacional \u201cIncluir\u201d, con el objetivo de que el Centro pueda percibir cerca de 30 millones de pesos adeudados por Naci\u00f3n<\/strong>, situaci\u00f3n que actualmente&nbsp;<strong>pone en riesgo el normal funcionamiento de la entidad<\/strong>.<\/p>\n","protected":false},"excerpt":{"rendered":"<p>En la ciudad de Ceres, el senador provincial Felipe Michlig y el diputado provincial Marcelo Gonz\u00e1lez junto a&nbsp;la intendente Alejandra Dupouy y el secretario de Gobierno Federico Uberti,&nbsp;-en el primer tramo de&nbsp;una amplia agenda de trabajo- entregaron aportes a instituciones por un monto total de $12.100.000&nbsp;destinados a&nbsp;instituciones deportivas, culturales y sociales de la ciudad. Luego&#8230;<\/p>\n","protected":false},"author":1,"featured_media":1526,"comment_status":"open","ping_status":"open","sticky":false,"template":"","format":"standard","meta":{"footnotes":""},"categories":[1],"tags":[],"class_list":["post-1525","post","type-post","status-publish","format-standard","has-post-thumbnail","hentry","category-fashion"],"_links":{"self":[{"href":"https:\/\/fmspecial.com.ar\/index.php\/wp-json\/wp\/v2\/posts\/1525","targetHints":{"allow":["GET"]}}],"collection":[{"href":"https:\/\/fmspecial.com.ar\/index.php\/wp-json\/wp\/v2\/posts"}],"about":[{"href":"https:\/\/fmspecial.com.ar\/index.php\/wp-json\/wp\/v2\/types\/post"}],"author":[{"embeddable":true,"href":"https:\/\/fmspecial.com.ar\/index.php\/wp-json\/wp\/v2\/users\/1"}],"replies":[{"embeddable":true,"href":"https:\/\/fmspecial.com.ar\/index.php\/wp-json\/wp\/v2\/comments?post=1525"}],"version-history":[{"count":1,"href":"https:\/\/fmspecial.com.ar\/index.php\/wp-json\/wp\/v2\/posts\/1525\/revisions"}],"predecessor-version":[{"id":1527,"href":"https:\/\/fmspecial.com.ar\/index.php\/wp-json\/wp\/v2\/posts\/1525\/revisions\/1527"}],"wp:featuredmedia":[{"embeddable":true,"href":"https:\/\/fmspecial.com.ar\/index.php\/wp-json\/wp\/v2\/media\/1526"}],"wp:attachment":[{"href":"https:\/\/fmspecial.com.ar\/index.php\/wp-json\/wp\/v2\/media?parent=1525"}],"wp:term":[{"taxonomy":"category","embeddable":true,"href":"https:\/\/fmspecial.com.ar\/index.php\/wp-json\/wp\/v2\/categories?post=1525"},{"taxonomy":"post_tag","embeddable":true,"href":"https:\/\/fmspecial.com.ar\/index.php\/wp-json\/wp\/v2\/tags?post=1525"}],"curies":[{"name":"wp","href":"https:\/\/api.w.org\/{rel}","templated":true}]}}