{"id":1528,"date":"2026-05-12T11:23:44","date_gmt":"2026-05-12T11:23:44","guid":{"rendered":"https:\/\/fmspecial.com.ar\/?p=1528"},"modified":"2026-05-12T11:23:46","modified_gmt":"2026-05-12T11:23:46","slug":"visita-a-la-cooperativa-de-servicios-ceres-limitada-y-recorrida-por-obras-emblematicas-de-la-ciudad","status":"publish","type":"post","link":"https:\/\/fmspecial.com.ar\/index.php\/2026\/05\/12\/visita-a-la-cooperativa-de-servicios-ceres-limitada-y-recorrida-por-obras-emblematicas-de-la-ciudad\/","title":{"rendered":"Visita a la Cooperativa de Servicios Ceres Limitada y recorrida por obras emblem\u00e1ticas de la ciudad"},"content":{"rendered":"\n<p class=\"wp-block-paragraph\">Este lunes, en continuaci\u00f3n de una intensa agenda de trabajo en la ciudad de Ceres,&nbsp;<strong>el senador provincial Felipe Michlig y el diputado provincial Marcelo Gonz\u00e1lez<\/strong>&nbsp;junto a la intendente&nbsp;<strong>Alejandra Dupouy y el secretario de Gobierno Federico Uberti visitaron la Cooperativa de Servicios Ceres Limitada y recorrieron la obras en ejecuci\u00f3n del Nuevo edificio del Profesorado N\u00b0 26<\/strong>&nbsp;\u201c\u00c1ngela Peralta Pino\u201d y la obra de&nbsp;<strong>pavimento urbano sobre avenida Italia.<\/strong><\/p>\n\n\n\n<h4 class=\"wp-block-heading\" id=\"cooperativa-de-servicios-ceres-limitada\"><strong>Cooperativa de Servicios Ceres Limitada<\/strong><\/h4>\n\n\n\n<p class=\"wp-block-paragraph\"><strong>En la ocasi\u00f3n, las autoridades gubernamentales fueron recibidos por el presidente Carlos Schurrer, los consejeros Carlos Cartas y \u00c1ngel L\u00f3pez,<\/strong>&nbsp;junto a integrantes del \u00e1rea administrativa.<\/p>\n\n\n\n<p class=\"wp-block-paragraph\">Durante la recorrida por la planta y la posterior reuni\u00f3n de trabajo,&nbsp;<strong>se abordaron distintos temas vinculados al servicio de agua potable y las importantes inversiones realizadas para fortalecer el sistema de potabilizaci\u00f3n y distribuci\u00f3n<\/strong>.<\/p>\n\n\n\n<p class=\"wp-block-paragraph\">En ese sentido, el senador&nbsp;<strong>Michlig destac\u00f3 la fuerte inversi\u00f3n impulsada por el Gobierno Provincial, superior a los 300 millones de pesos, que permiti\u00f3 instalar un nuevo sistema y pr\u00e1cticamente duplicar la capacidad de potabilizaci\u00f3n<\/strong>&nbsp;de agua, adem\u00e1s de reacondicionar la planta original.<\/p>\n\n\n\n<p class=\"wp-block-paragraph\"><strong>\u201cHoy esto permite producir entre 800 mil y un mill\u00f3n de litros de agua por d\u00eda<\/strong>.&nbsp;<strong>Actualmente el sistema cuenta con aproximadamente 3.400 conexiones de agua potable,<\/strong>&nbsp;adem\u00e1s de toda la infraestructura vinculada al&nbsp;<strong>servicio de cloacas desarrollada por la cooperativa a lo largo de los a\u00f1os.<\/strong><\/p>\n\n\n\n<h4 class=\"wp-block-heading\" id=\"avanzar-en-futuras-etapas-de-inversion\"><strong>Avanzar en futuras etapas de inversi\u00f3n<\/strong><\/h4>\n\n\n\n<p class=\"wp-block-paragraph\">En ese marco, las autoridades coincidieron en la&nbsp;<strong>necesidad de avanzar en futuras etapas de inversi\u00f3n para mejorar la distribuci\u00f3n del agua potable mediante el recambio de ca\u00f1er\u00edas y la modernizaci\u00f3n de los micromedidores domiciliarios.<\/strong><\/p>\n\n\n\n<p class=\"wp-block-paragraph\">Finalmente,&nbsp;<strong>desde la cooperativa solicitaron acompa\u00f1amiento para avanzar en temas relacionados al consumo el\u00e9ctrico de la entidad<\/strong>&nbsp;y distintas gestiones vinculadas a la&nbsp;<strong>incorporaci\u00f3n de nuevos micromedidores<\/strong>, con el objetivo de seguir optimizando la prestaci\u00f3n de servicios para todos los vecinos de la ciudad.<\/p>\n\n\n\n<h4 class=\"wp-block-heading\" id=\"recorrida-de-obras-estrategicas-para-la-ciudad\"><strong>Recorrida de obras estrat\u00e9gicas para la ciudad<\/strong><\/h4>\n\n\n\n<p class=\"wp-block-paragraph\">Seguidamente, las autoridades&nbsp;<strong>recorrieron sobre avenida Italia el avance de la obra de pavimento urbano<\/strong>&nbsp;que se ejecuta con fondos del&nbsp;<strong>Plan de Obras Urbanas (POU) del Gobierno de la Provincia de Santa Fe<\/strong>, una intervenci\u00f3n estrat\u00e9gica que permitir\u00e1&nbsp;<strong>conectar con pavimento a todos los establecimientos educativos de la ciudad.<\/strong><\/p>\n\n\n\n<p class=\"wp-block-paragraph\">Durante la recorrida, el senador&nbsp;<strong>Michlig destac\u00f3 \u201cla importancia de este tipo de obras para mejorar la transitabilidad, la seguridad y la conectividad urbana<\/strong>, especialmente en sectores vinculados a instituciones educativas\u201d.<\/p>\n\n\n\n<h4 class=\"wp-block-heading\" id=\"nuevo-edificio-del-profesorado-n%c2%b0-26\"><strong>Nuevo edificio del Profesorado N\u00b0 26<\/strong><\/h4>\n\n\n\n<p class=\"wp-block-paragraph\">Para finalizar la agenda de trabajo,&nbsp;<strong>visitaron la obra del nuevo edificio del Profesorado N\u00b0 26 \u201c\u00c1ngela Peralta Pino\u201d,<\/strong>&nbsp;una obra hist\u00f3rica para la comunidad educativa local que cuenta con una&nbsp;<strong>inversi\u00f3n provincial de $1.907.840.911,28.<\/strong><\/p>\n\n\n\n<p class=\"wp-block-paragraph\">El nuevo edificio contar\u00e1&nbsp;<strong>con cinco aulas, bloque sanitario, biblioteca y sala de lectura en planta alta<\/strong>, mientras que en planta&nbsp;<strong>baja tendr\u00e1 hall de ingreso, aula especial y sal\u00f3n de usos m\u00faltiples,<\/strong>&nbsp;entre otros espacios destinados al desarrollo acad\u00e9mico e institucional.<\/p>\n\n\n\n<p class=\"wp-block-paragraph\">Las autoridades&nbsp;<strong>resaltaron la magnitud de la inversi\u00f3n provincial y el impacto positivo que tendr\u00e1 la concreci\u00f3n de este nuevo edificio para toda la comunidad educativa de Ceres y la regi\u00f3n.<\/strong><\/p>\n","protected":false},"excerpt":{"rendered":"<p>Este lunes, en continuaci\u00f3n de una intensa agenda de trabajo en la ciudad de Ceres,&nbsp;el senador provincial Felipe Michlig y el diputado provincial Marcelo Gonz\u00e1lez&nbsp;junto a la intendente&nbsp;Alejandra Dupouy y el secretario de Gobierno Federico Uberti visitaron la Cooperativa de Servicios Ceres Limitada y recorrieron la obras en ejecuci\u00f3n del Nuevo edificio del Profesorado N\u00b0&#8230;<\/p>\n","protected":false},"author":1,"featured_media":1529,"comment_status":"open","ping_status":"open","sticky":false,"template":"","format":"standard","meta":{"footnotes":""},"categories":[1],"tags":[],"class_list":["post-1528","post","type-post","status-publish","format-standard","has-post-thumbnail","hentry","category-fashion"],"_links":{"self":[{"href":"https:\/\/fmspecial.com.ar\/index.php\/wp-json\/wp\/v2\/posts\/1528","targetHints":{"allow":["GET"]}}],"collection":[{"href":"https:\/\/fmspecial.com.ar\/index.php\/wp-json\/wp\/v2\/posts"}],"about":[{"href":"https:\/\/fmspecial.com.ar\/index.php\/wp-json\/wp\/v2\/types\/post"}],"author":[{"embeddable":true,"href":"https:\/\/fmspecial.com.ar\/index.php\/wp-json\/wp\/v2\/users\/1"}],"replies":[{"embeddable":true,"href":"https:\/\/fmspecial.com.ar\/index.php\/wp-json\/wp\/v2\/comments?post=1528"}],"version-history":[{"count":1,"href":"https:\/\/fmspecial.com.ar\/index.php\/wp-json\/wp\/v2\/posts\/1528\/revisions"}],"predecessor-version":[{"id":1530,"href":"https:\/\/fmspecial.com.ar\/index.php\/wp-json\/wp\/v2\/posts\/1528\/revisions\/1530"}],"wp:featuredmedia":[{"embeddable":true,"href":"https:\/\/fmspecial.com.ar\/index.php\/wp-json\/wp\/v2\/media\/1529"}],"wp:attachment":[{"href":"https:\/\/fmspecial.com.ar\/index.php\/wp-json\/wp\/v2\/media?parent=1528"}],"wp:term":[{"taxonomy":"category","embeddable":true,"href":"https:\/\/fmspecial.com.ar\/index.php\/wp-json\/wp\/v2\/categories?post=1528"},{"taxonomy":"post_tag","embeddable":true,"href":"https:\/\/fmspecial.com.ar\/index.php\/wp-json\/wp\/v2\/tags?post=1528"}],"curies":[{"name":"wp","href":"https:\/\/api.w.org\/{rel}","templated":true}]}}