{"id":1614,"date":"2026-06-03T01:59:14","date_gmt":"2026-06-03T01:59:14","guid":{"rendered":"https:\/\/fmspecial.com.ar\/?p=1614"},"modified":"2026-06-03T01:59:17","modified_gmt":"2026-06-03T01:59:17","slug":"el-gobierno-provincial-inauguro-en-san-cristobal-el-nuevo-y-estrategico-centro-civico-departamental","status":"publish","type":"post","link":"https:\/\/fmspecial.com.ar\/index.php\/2026\/06\/03\/el-gobierno-provincial-inauguro-en-san-cristobal-el-nuevo-y-estrategico-centro-civico-departamental\/","title":{"rendered":"El Gobierno Provincial inaugur\u00f3 en San Crist\u00f3bal el \u201cnuevo y estrat\u00e9gico\u201d Centro C\u00edvico Departamental"},"content":{"rendered":"\n<p class=\"wp-block-paragraph\">El senador provincial&nbsp;<strong>Felipe Michlig, el ministro de Gobierno e Innovaci\u00f3n P\u00fablica de Santa Fe, Fabi\u00e1n Bast\u00eda, y el diputado provincial Marcelo Gonz\u00e1lez,<\/strong>&nbsp;encabezaron el acto de la&nbsp;<strong>inauguraci\u00f3n oficial del nuevo Centro C\u00edvico Departamental<\/strong>, seguido de la&nbsp;<strong>entrega de aportes del Programa de Obras Menores a distintos gobiernos locales del departamento por m\u00e1s de $476 millones<\/strong>.<\/p>\n\n\n\n<p class=\"wp-block-paragraph\">El espacio&nbsp;<strong>habilitado por el Gobierno de la Provincia de Santa Fe<\/strong>&nbsp;\u2013<strong>gestionado por el Senador Michig y el diputado Gonz\u00e1lez<\/strong>\u2013 permitir\u00e1&nbsp;<strong>concentrar<\/strong>&nbsp;en un \u00fanico edificio distintas&nbsp;<strong>reparticiones provinciales, brindando una atenci\u00f3n m\u00e1s eficiente, accesible y cercana a los vecinos de la ciudad y de las restantes 31 localidades del departamento San Crist\u00f3bal<\/strong>.<\/p>\n\n\n\n<h4 class=\"wp-block-heading\"><strong>\u201cEl Estado tiene que estar presente y cerca de los vecinos\u201d<\/strong><\/h4>\n\n\n\n<p class=\"wp-block-paragraph\">El nuevo&nbsp;<strong>Centro C\u00edvico Departamental<\/strong>&nbsp;reunifica&nbsp;<strong>organismos provinciales que anteriormente funcionaban en distintos puntos de la ciudad<\/strong>, permitiendo optimizar recursos y simplificar la atenci\u00f3n al p\u00fablico.<\/p>\n\n\n\n<p class=\"wp-block-paragraph\">En este espacio&nbsp;<strong>funcionar\u00e1n las oficinas del Registro Civil, Administraci\u00f3n Provincial de Impuestos (API), Pensiones Ley 5110, Oficina de Trabajo, IAPOS, Defensor\u00eda del Pueblo, Salud Laboral y Santa Fe Servicios, entre otras dependencias.<\/strong><\/p>\n\n\n\n<p class=\"wp-block-paragraph\">El ministro&nbsp;<strong>Fabi\u00e1n Bastia<\/strong>&nbsp;indic\u00f3 que \u201cla obra representa&nbsp;<strong>un importante avance en materia de descentralizaci\u00f3n y cercan\u00eda del Estado provincial<\/strong>, permitiendo que miles de vecinos del departamento puedan acceder a m\u00faltiples servicios en un \u00fanico lugar de referencia\u201d,<\/p>\n\n\n\n<p class=\"wp-block-paragraph\">\u201c<strong>Tenemos que vivir esto con mucha alegr\u00eda<\/strong>&nbsp;porque es la valorizaci\u00f3n del esfuerzo que ponen&nbsp;<strong>las personas que trabajan, gestionan y tienen ideas para mejorarle la vida a los ciudadanos\u201d,<\/strong>&nbsp;expres\u00f3.<\/p>\n\n\n\n<h4 class=\"wp-block-heading\"><strong>\u201cUna obra hist\u00f3rica para el departamento\u201d<\/strong><\/h4>\n\n\n\n<p class=\"wp-block-paragraph\">Durante su discurso, el senador&nbsp;<strong>Felipe Michlig destac\u00f3 que \u201cel trabajo conjunto realizado para concretar esta iniciativa y agradeci\u00f3 especialmente al gobernador Maximiliano Pullaro<\/strong>, al ministro&nbsp;<strong>Fabi\u00e1n Bast\u00eda y al director provincial del Registro Civil, Sergio Duarte<\/strong>, por el acompa\u00f1amiento brindado para&nbsp;<strong>llevar adelante el proyecto<\/strong>&nbsp;que se constituye en una obra hist\u00f3rica para nuestro departamento\u201d.<\/p>\n\n\n\n<p class=\"wp-block-paragraph\">\u201cPara nosotros es una enorme alegr\u00eda poder&nbsp;<strong>concretar este proyecto que impulsamos junto a Marcelo Gonz\u00e1lez y todo nuestro equipo<\/strong>, y que encontr\u00f3 una&nbsp;<strong>respuesta positiva del gobernador Maximiliano Pullaro y del ministro Fabi\u00e1n Bast\u00eda\u201d,<\/strong>&nbsp;expres\u00f3.<\/p>\n\n\n\n<p class=\"wp-block-paragraph\"><strong>\u201cCualquier gesti\u00f3n de gobierno debe tener visibilidad, accesibilidad y un lugar de referencia para los vecinos<\/strong>.&nbsp;<strong>El Estado provincial tiene que estar presente<\/strong>&nbsp;en cada lugar y garantizar cercan\u00eda con los ciudadanos\u201d, sostuvo.<\/p>\n\n\n\n<p class=\"wp-block-paragraph\">Por su&nbsp;<strong>parte Marcelo Gonz\u00e1lez<\/strong>&nbsp;remarc\u00f3 que \u201ca partir de ahora&nbsp;<strong>los vecinos tendr\u00e1n un punto \u00fanico de referencia para realizar sus gestiones<\/strong>. Esto significa m\u00e1s comodidad, m\u00e1s eficiencia y una mejor utilizaci\u00f3n de los recursos p\u00fablicos\u201d, se\u00f1al\u00f3.<\/p>\n\n\n\n<h4 class=\"wp-block-heading\"><strong>Entrega de aportes por m\u00e1s de $466 millones para gobiernos locales<\/strong><\/h4>\n\n\n\n<p class=\"wp-block-paragraph\">En el marco de la jornada, autoridades provinciales concretaron adem\u00e1s la&nbsp;<strong>entrega de aportes correspondientes al Programa de Obras Menores por un monto total de $476.214.376,27,<\/strong>&nbsp;destinados a la&nbsp;<strong>adquisici\u00f3n de equipamiento, maquinarias y ejecuci\u00f3n de obras en beneficio de las siguientes localidades del departamento<\/strong>.<\/p>\n\n\n\n<figure class=\"wp-block-table\"><table class=\"has-fixed-layout\"><thead><tr><th><strong>LOCALIDAD<\/strong><\/th><th><strong>DESTINO \/ DESCRIPCI\u00d3N<\/strong><\/th><th><strong>MONTO<\/strong><\/th><\/tr><\/thead><tbody><tr><td>Colonia Bossi<\/td><td>Adquisici\u00f3n de un rolo triturador<\/td><td>$ 30.056.000,00<\/td><\/tr><tr><td>Colonia Clara<\/td><td>Adquisici\u00f3n de un tractor y motoniveladora<\/td><td>$ 62.732.856,28<\/td><\/tr><tr><td>Colonia Rosa<\/td><td>Adquisici\u00f3n de tractor nuevo y desmalezadora<\/td><td>$ 53.430.484,90<\/td><\/tr><tr><td>Santurce<\/td><td>Adquisici\u00f3n de una rastra de tiro<\/td><td>$ 15.000.000,00<\/td><\/tr><tr><td>Ambrosetti<\/td><td>Refacci\u00f3n de ba\u00f1os y nuevo archivo de la comuna<\/td><td>$ 33.487.755,60<\/td><\/tr><tr><td>Ambrosetti<\/td><td>Refacci\u00f3n de nuevos nichos en cementerio<\/td><td>$ 18.222.260,00<\/td><\/tr><tr><td>Colonia Ana<\/td><td>Adquisici\u00f3n de un tractor nuevo o usado<\/td><td>$ 67.737.457,49<\/td><\/tr><tr><td>Villa Trinidad<\/td><td>Puesta en valor del edificio comunal<\/td><td>$ 36.866.678,00<\/td><\/tr><tr><td>Hersilia<\/td><td>Adquisici\u00f3n de dos tractores, un regador y un utilitario<\/td><td>$ 148.680.884,00<\/td><\/tr><tr><td>San Crist\u00f3bal<\/td><td>Emergencia<\/td><td>$10.000.000,00<\/td><\/tr><tr><td colspan=\"2\"><strong>TOTAL GENERAL<\/strong><\/td><td><strong>$ 476.214.376,27<\/strong><\/td><\/tr><\/tbody><\/table><\/figure>\n\n\n\n<h4 class=\"wp-block-heading\"><strong>Autoridades presente<\/strong><\/h4>\n\n\n\n<p class=\"wp-block-paragraph\">Durante el concurrido acto tambi\u00e9n se destac\u00f3 la presencia del intendente local&nbsp;<strong>Marcelo Andreychuk<\/strong>; sus pares de San Guillermo<strong>, Romina L\u00f3pez<\/strong>; de Ceres,&nbsp;<strong>Alejandra Dupouy<\/strong>&nbsp;y de Suardi&nbsp;<strong>Leandro Gastaldi<\/strong>; adem\u00e1s de Ptes. Comunales del departamento; los concejales&nbsp;<strong>Horacio Rigo, Pablo Bonacina,<\/strong>&nbsp;dem\u00e1s funcionarios locales, representantes de instituciones, de la prensa y&nbsp; p\u00fablico en general.&nbsp;&nbsp;<\/p>\n\n\n\n<p class=\"wp-block-paragraph\">Entre las autoridades provinciales presentes se encontraban&nbsp;<strong>el Director Provincial del Registro Civil, Sergio Duarte<\/strong>, el Director Provincial de la Caia de Pensiones Sociales (Ley No 5.110),&nbsp;<strong>Ulises Puntonet<\/strong>: e Subdirector Provincial del IAPOS,&nbsp;<strong>Luis Angel Asas<\/strong>; el representante de Salud Laboral.&nbsp;<strong>Guillermo Coulter<\/strong>; la Administradora Provincial de la Administracion Provincial de Impuestos API,<strong>&nbsp;Mar\u00eda Eugenia Daniela Bosco<\/strong>; el Defensor del Pueblo Adiunto de la Zona Norte (Centro-Norte), E<strong>stanislao Parre\u00f1o<\/strong>; y el Secretario de Gesti\u00f3n de Registros Provinciales,&nbsp;<strong>Mat\u00edas Figueroa Escauriza<\/strong>.<\/p>\n","protected":false},"excerpt":{"rendered":"<p>El senador provincial&nbsp;Felipe Michlig, el ministro de Gobierno e Innovaci\u00f3n P\u00fablica de Santa Fe, Fabi\u00e1n Bast\u00eda, y el diputado provincial Marcelo Gonz\u00e1lez,&nbsp;encabezaron el acto de la&nbsp;inauguraci\u00f3n oficial del nuevo Centro C\u00edvico Departamental, seguido de la&nbsp;entrega de aportes del Programa de Obras Menores a distintos gobiernos locales del departamento por m\u00e1s de $476 millones. El espacio&nbsp;habilitado&#8230;<\/p>\n","protected":false},"author":1,"featured_media":1615,"comment_status":"open","ping_status":"open","sticky":false,"template":"","format":"standard","meta":{"footnotes":""},"categories":[1],"tags":[],"class_list":["post-1614","post","type-post","status-publish","format-standard","has-post-thumbnail","hentry","category-fashion"],"_links":{"self":[{"href":"https:\/\/fmspecial.com.ar\/index.php\/wp-json\/wp\/v2\/posts\/1614","targetHints":{"allow":["GET"]}}],"collection":[{"href":"https:\/\/fmspecial.com.ar\/index.php\/wp-json\/wp\/v2\/posts"}],"about":[{"href":"https:\/\/fmspecial.com.ar\/index.php\/wp-json\/wp\/v2\/types\/post"}],"author":[{"embeddable":true,"href":"https:\/\/fmspecial.com.ar\/index.php\/wp-json\/wp\/v2\/users\/1"}],"replies":[{"embeddable":true,"href":"https:\/\/fmspecial.com.ar\/index.php\/wp-json\/wp\/v2\/comments?post=1614"}],"version-history":[{"count":1,"href":"https:\/\/fmspecial.com.ar\/index.php\/wp-json\/wp\/v2\/posts\/1614\/revisions"}],"predecessor-version":[{"id":1616,"href":"https:\/\/fmspecial.com.ar\/index.php\/wp-json\/wp\/v2\/posts\/1614\/revisions\/1616"}],"wp:featuredmedia":[{"embeddable":true,"href":"https:\/\/fmspecial.com.ar\/index.php\/wp-json\/wp\/v2\/media\/1615"}],"wp:attachment":[{"href":"https:\/\/fmspecial.com.ar\/index.php\/wp-json\/wp\/v2\/media?parent=1614"}],"wp:term":[{"taxonomy":"category","embeddable":true,"href":"https:\/\/fmspecial.com.ar\/index.php\/wp-json\/wp\/v2\/categories?post=1614"},{"taxonomy":"post_tag","embeddable":true,"href":"https:\/\/fmspecial.com.ar\/index.php\/wp-json\/wp\/v2\/tags?post=1614"}],"curies":[{"name":"wp","href":"https:\/\/api.w.org\/{rel}","templated":true}]}}