{"id":1658,"date":"2026-06-24T18:12:02","date_gmt":"2026-06-24T18:12:02","guid":{"rendered":"https:\/\/fmspecial.com.ar\/?p=1658"},"modified":"2026-06-24T18:12:04","modified_gmt":"2026-06-24T18:12:04","slug":"michlig-y-seghezzo-recorrieron-junto-a-vecinos-de-san-cristobal-las-obras-de-ensanche-de-3-puentes-sobre-rp-n-4","status":"publish","type":"post","link":"https:\/\/fmspecial.com.ar\/index.php\/2026\/06\/24\/michlig-y-seghezzo-recorrieron-junto-a-vecinos-de-san-cristobal-las-obras-de-ensanche-de-3-puentes-sobre-rp-n-4\/","title":{"rendered":"Michlig y Seghezzo recorrieron junto a vecinos de San Crist\u00f3bal las obras de ensanche de 3 puentes sobre RP N\u00b0 4"},"content":{"rendered":"\n<p class=\"wp-block-paragraph\">En el marco de la agenda de actividades territoriales de este martes, el&nbsp;<strong>senador provincial Felipe Michlig y el administrador general de la Direcci\u00f3n Provincial de Vialidad, Pablo Seghezzo,<\/strong>&nbsp;realizaron una&nbsp;<strong>recorrida por las obras de ensanche de los puentes sobre la Ruta Provincial N\u00b0 4,<\/strong>&nbsp;junto a dem\u00e1s autoridades y un&nbsp;<strong>numeroso grupo de vecinos<\/strong>&nbsp;de la ciudad de San Crist\u00f3bal.<\/p>\n\n\n\n<p class=\"wp-block-paragraph\">Durante la actividad tambi\u00e9n se destac\u00f3 la presencia del diputado provincial&nbsp;<strong>Marcelo Gonz\u00e1lez<\/strong>, el coordinador de Vialidad Provincial Zona Norte,&nbsp;<strong>Carlos Cattaneo<\/strong>, los concejales de la ciudad de San Crist\u00f3bal&nbsp;<strong>Pablo Bonacina y Horacio Rigo, el ingeniero de la Direcci\u00f3n Provincial de Vialidad, Pedro Cian, a cargo de la obra, adem\u00e1s de los vecinos<\/strong>&nbsp;especialmente invitados&nbsp;<strong>para conocer el avance de los trabajos<\/strong>&nbsp;e interiorizarse sobre las caracter\u00edsticas t\u00e9cnicas de la obra.<\/p>\n\n\n\n<h4 class=\"wp-block-heading\"><strong>Detalles sobre el avance de obra<\/strong><\/h4>\n\n\n\n<p class=\"wp-block-paragraph\">Al referirse a los trabajos en marcha,&nbsp;<strong>Pablo Seghezzo record\u00f3 que \u201cel permanente impulso del senador Felipe Michlig para concretar el ensanche de los puentes sobre la Ruta Provincial N\u00b0 4 -desde hace m\u00e1s de 20 a\u00f1os<\/strong>\u2013 y la&nbsp;<strong>decisi\u00f3n pol\u00edtica de nuestro gobernador Maxi Pullaro<\/strong>&nbsp;llevaron a este presente a partir del trabajo que venimos llevando adelante\u201d.<\/p>\n\n\n\n<p class=\"wp-block-paragraph\">El senador Michlig destac\u00f3 que esta intervenci\u00f3n representa \u201c<strong>una mejora fundamental para la conectividad del departamento San Crist\u00f3bal, beneficiando a productores, transportistas, instituciones y vecinos que utilizan diariamente la Ruta Provincial N\u00b0 4<\/strong>, fortaleciendo la infraestructura vial y mejorando las condiciones de seguridad para todos los usuarios del corredor\u201d.<\/p>\n\n\n\n<h4 class=\"wp-block-heading\"><strong>Inminente finalizaci\u00f3n<\/strong><\/h4>\n\n\n\n<p class=\"wp-block-paragraph\">Las autoridades explicaron que \u201cel&nbsp;<strong>puente San Antonio, el de mayor dimensi\u00f3n dentro del proyecto,<\/strong>&nbsp;presenta actualmente&nbsp;<strong>un avance superior al 90%.<\/strong>&nbsp;De mantenerse las condiciones clim\u00e1ticas previstas,&nbsp;<strong>la obra podr\u00eda quedar concluida hacia fines del pr\u00f3ximo mes de agosto.<\/strong><\/p>\n\n\n\n<p class=\"wp-block-paragraph\">Tambi\u00e9n se inform\u00f3 que&nbsp;<strong>los trabajos avanzan de manera sostenida en los puentes Capivara I y Capivara II<\/strong>. Uno de ellos presenta un nivel de ejecuci\u00f3n&nbsp;<strong>similar al del puente San Antonio y podr\u00eda finalizar durante agosto<\/strong>, mientras que el restante demandar\u00eda aproximadamente&nbsp;<strong>dos meses m\u00e1s para completar la totalidad de las tareas previstas.<\/strong><\/p>\n\n\n\n<h4 class=\"wp-block-heading\"><strong>Se mejora significativamente la transitabilidad<\/strong><\/h4>\n\n\n\n<p class=\"wp-block-paragraph\">Los responsables t\u00e9cnicos explicaron&nbsp;<strong>que el principal objetivo de la intervenci\u00f3n \u201ces ampliar significativamente el ancho disponible para la circulaci\u00f3n vehicular<\/strong>. Actualmente los puentes cuentan con un ancho aproximado de 5,50 metros, situaci\u00f3n que dificulta el cruce simult\u00e1neo de veh\u00edculos de gran porte\u201d.<\/p>\n\n\n\n<p class=\"wp-block-paragraph\">Una vez&nbsp;<strong>finalizados los trabajos, las estructuras pasar\u00e1n a contar con un ancho total de 13,30 metros, compuesto por una calzada de 7,30 metros y banquinas pavimentadas de 3 metros de ancho a cada lado<\/strong>, e&nbsp;<strong>iluminaci\u00f3n led<\/strong>. \u201cEsta ampliaci\u00f3n permitir\u00e1&nbsp;<strong>mejorar notablemente la seguridad vial, f<\/strong>acilitar el cruce de camiones y maquinaria agr\u00edcola, adem\u00e1s de brindar espacios seguros para eventuales detenciones o emergencias\u201d.<\/p>\n\n\n\n<h4 class=\"wp-block-heading\"><strong>Complejidad de la obra<\/strong><\/h4>\n\n\n\n<p class=\"wp-block-paragraph\">Asimismo, se explic\u00f3 que la obra presenta una complejidad t\u00e9cnica especial, ya que \u201c<strong>no se trata de una construcci\u00f3n totalmente nueva sino de un ensanche realizado sobre las estructuras existentes.<\/strong>&nbsp;Para ello&nbsp;<strong>se aprovechan las pilas originales de los puentes,<\/strong>&nbsp;que son reforzadas para soportar las nuevas vigas y losas que conformar\u00e1n la ampliaci\u00f3n\u201d.<\/p>\n\n\n\n<p class=\"wp-block-paragraph\">Actualmente&nbsp;<strong>ya fueron colocadas 42 vigas en el puente San Antonio y contin\u00faan las tareas de hormigonado de losas<\/strong>, sobre las cuales posteriormente se colocar\u00e1 la carpeta de rodamiento asf\u00e1ltica definitiva.<\/p>\n","protected":false},"excerpt":{"rendered":"<p>En el marco de la agenda de actividades territoriales de este martes, el&nbsp;senador provincial Felipe Michlig y el administrador general de la Direcci\u00f3n Provincial de Vialidad, Pablo Seghezzo,&nbsp;realizaron una&nbsp;recorrida por las obras de ensanche de los puentes sobre la Ruta Provincial N\u00b0 4,&nbsp;junto a dem\u00e1s autoridades y un&nbsp;numeroso grupo de vecinos&nbsp;de la ciudad de San&#8230;<\/p>\n","protected":false},"author":1,"featured_media":1659,"comment_status":"open","ping_status":"open","sticky":false,"template":"","format":"standard","meta":{"footnotes":""},"categories":[1],"tags":[],"class_list":["post-1658","post","type-post","status-publish","format-standard","has-post-thumbnail","hentry","category-fashion"],"_links":{"self":[{"href":"https:\/\/fmspecial.com.ar\/index.php\/wp-json\/wp\/v2\/posts\/1658","targetHints":{"allow":["GET"]}}],"collection":[{"href":"https:\/\/fmspecial.com.ar\/index.php\/wp-json\/wp\/v2\/posts"}],"about":[{"href":"https:\/\/fmspecial.com.ar\/index.php\/wp-json\/wp\/v2\/types\/post"}],"author":[{"embeddable":true,"href":"https:\/\/fmspecial.com.ar\/index.php\/wp-json\/wp\/v2\/users\/1"}],"replies":[{"embeddable":true,"href":"https:\/\/fmspecial.com.ar\/index.php\/wp-json\/wp\/v2\/comments?post=1658"}],"version-history":[{"count":1,"href":"https:\/\/fmspecial.com.ar\/index.php\/wp-json\/wp\/v2\/posts\/1658\/revisions"}],"predecessor-version":[{"id":1660,"href":"https:\/\/fmspecial.com.ar\/index.php\/wp-json\/wp\/v2\/posts\/1658\/revisions\/1660"}],"wp:featuredmedia":[{"embeddable":true,"href":"https:\/\/fmspecial.com.ar\/index.php\/wp-json\/wp\/v2\/media\/1659"}],"wp:attachment":[{"href":"https:\/\/fmspecial.com.ar\/index.php\/wp-json\/wp\/v2\/media?parent=1658"}],"wp:term":[{"taxonomy":"category","embeddable":true,"href":"https:\/\/fmspecial.com.ar\/index.php\/wp-json\/wp\/v2\/categories?post=1658"},{"taxonomy":"post_tag","embeddable":true,"href":"https:\/\/fmspecial.com.ar\/index.php\/wp-json\/wp\/v2\/tags?post=1658"}],"curies":[{"name":"wp","href":"https:\/\/api.w.org\/{rel}","templated":true}]}}