{"id":382,"date":"2023-08-05T00:05:39","date_gmt":"2023-08-05T00:05:39","guid":{"rendered":"https:\/\/fmspecial.com\/?p=382"},"modified":"2023-08-05T00:05:42","modified_gmt":"2023-08-05T00:05:42","slug":"el-coro-polifonico-provincial-se-presenta-en-san-cristobal","status":"publish","type":"post","link":"https:\/\/fmspecial.com.ar\/index.php\/2023\/08\/05\/el-coro-polifonico-provincial-se-presenta-en-san-cristobal\/","title":{"rendered":"El Coro Polif\u00f3nico Provincial se presenta en San Crist\u00f3bal"},"content":{"rendered":"\n<p class=\"wp-block-paragraph\">Con obras de Debussy, Faur\u00e9 y Carlos Guastavino, el pr\u00f3ximo domingo 6 de agosto el Coro Polif\u00f3nico Provincial de Santa Fe se presentar\u00e1 en la localidad de San Crist\u00f3bal. El concierto se desarrollar\u00e1 desde las 18 en el Sal\u00f3n de Actos de la Escuela Normal Superior Nro 40 \u00abMariano Moreno\u00bb, en el marco de los festejos del 125 Aniversario de la Sociedad Italiana \u201cXX de Septiembre\u201d, y contar\u00e1 con la presencia del ministro de Cultura de Santa Fe, Jorge Llonch.<\/p>\n\n\n\n<p class=\"wp-block-paragraph\">Bajo la direcci\u00f3n general de Virginia Bono, directora titular del organismo coral, la presentaci\u00f3n contar\u00e1 adem\u00e1s con la participaci\u00f3n de Franco Broggi en calidad de pianista invitado. El programa incluir\u00e1 las obras \u00abTres Canciones\u00bb de Charles Debussy, \u00abMadrigal\u00bb de Gabriel Faur\u00e9, \u00abWechsellied zum Tanze\u00bb de Johannes Brahms, y las \u00abIndianas para coro mixto\u00bb de Carlos Gustavino.<\/p>\n\n\n\n<p class=\"wp-block-paragraph\"><strong>FRANCO BROGGI<\/strong><br>Pianista santafesino, licenciado en M\u00fasica con Orientaci\u00f3n en Piano del Instituto Superior de la Universidad Nacional del Litoral. Ha actuado en escenarios argentinos como el teatro La Scala de San Telmo, Fundaci\u00f3n Beethoven (\u201cFestival Internacional de Piano \u201cChopiniana\u201d), Sala Piazzolla del Teatro Argentino de La Plata, Teatro Col\u00f3n de Mar del Plata, Sal\u00f3n de Honor y Auditorio Nacional del CCK, entre otros. Como tambi\u00e9n en ciudades espa\u00f1olas como Ponferrada, Oviedo, Lugo y Le\u00f3n.<\/p>\n\n\n\n<p class=\"wp-block-paragraph\">Result\u00f3 ganador del primer premio en varios concursos nacionales, como es el caso del concurso para j\u00f3venes int\u00e9rpretes que realiza el Mozarteum (2015), el concurso nacional para j\u00f3venes pianistas Siete Lagos, organizado por Asociaci\u00f3n Filarm\u00f3nica de los Siete Lagos, obteniendo el \u201cKajo Schommer Klavierpreis\u201d (2017), \u201cX Concurso Nacional de Piano Fundaci\u00f3n Catedral\u201d (2017), el Concurso para piano \u201cEn homenaje al Maestro Vincenzo Scaramuzza\u201d, organizado por ADIMUS (Asociaci\u00f3n civil para la Difusi\u00f3n de la M\u00fasica) (2018). Tambien obtuvo el segundo premio en el \u201cXXIV Concurso Nacional de Piano\u201d de la ciudad de Necochea.<\/p>\n\n\n\n<p class=\"wp-block-paragraph\">Como pianista acompa\u00f1ante, ha compartido con innumerables cantantes l\u00edricos y referentes de la \u00f3pera argentina como Fabi\u00e1n Veloz, Dar\u00edo Schmuck, Hayd\u00e9e Dabusti, Roc\u00edo Arbizu, Ferm\u00edn Prieto, etc. En 2023 ha realizado una gira interpretando repertorio de compositores argentinos tales como Williams, Fern\u00e1ndez Languasco, Aguirre, Guastavino, Ginastera y Piazzolla por ciudades espa\u00f1olas como Ponferrada, Gijon, Albacete, Ciudad Real y culminando con dos conciertos en la Fundaci\u00f3n Juan March de Madrid. Adem\u00e1s, finaliz\u00f3 su recorrido europeo en la Maison de l\u2019Argentine en Paris.<\/p>\n\n\n\n<p class=\"wp-block-paragraph\">Actualmente, mantiene sus estudios particulares con la pianista y profesora paranaense Graciela Reca.<\/p>\n","protected":false},"excerpt":{"rendered":"<p>Con obras de Debussy, Faur\u00e9 y Carlos Guastavino, el pr\u00f3ximo domingo 6 de agosto el Coro Polif\u00f3nico Provincial de Santa Fe se presentar\u00e1 en la localidad de San Crist\u00f3bal. El concierto se desarrollar\u00e1 desde las 18 en el Sal\u00f3n de Actos de la Escuela Normal Superior Nro 40 \u00abMariano Moreno\u00bb, en el marco de los&#8230;<\/p>\n","protected":false},"author":1,"featured_media":383,"comment_status":"open","ping_status":"open","sticky":false,"template":"","format":"standard","meta":{"footnotes":""},"categories":[11,10],"tags":[],"class_list":["post-382","post","type-post","status-publish","format-standard","has-post-thumbnail","hentry","category-interes-gral","category-provinciales"],"_links":{"self":[{"href":"https:\/\/fmspecial.com.ar\/index.php\/wp-json\/wp\/v2\/posts\/382","targetHints":{"allow":["GET"]}}],"collection":[{"href":"https:\/\/fmspecial.com.ar\/index.php\/wp-json\/wp\/v2\/posts"}],"about":[{"href":"https:\/\/fmspecial.com.ar\/index.php\/wp-json\/wp\/v2\/types\/post"}],"author":[{"embeddable":true,"href":"https:\/\/fmspecial.com.ar\/index.php\/wp-json\/wp\/v2\/users\/1"}],"replies":[{"embeddable":true,"href":"https:\/\/fmspecial.com.ar\/index.php\/wp-json\/wp\/v2\/comments?post=382"}],"version-history":[{"count":1,"href":"https:\/\/fmspecial.com.ar\/index.php\/wp-json\/wp\/v2\/posts\/382\/revisions"}],"predecessor-version":[{"id":384,"href":"https:\/\/fmspecial.com.ar\/index.php\/wp-json\/wp\/v2\/posts\/382\/revisions\/384"}],"wp:featuredmedia":[{"embeddable":true,"href":"https:\/\/fmspecial.com.ar\/index.php\/wp-json\/wp\/v2\/media\/383"}],"wp:attachment":[{"href":"https:\/\/fmspecial.com.ar\/index.php\/wp-json\/wp\/v2\/media?parent=382"}],"wp:term":[{"taxonomy":"category","embeddable":true,"href":"https:\/\/fmspecial.com.ar\/index.php\/wp-json\/wp\/v2\/categories?post=382"},{"taxonomy":"post_tag","embeddable":true,"href":"https:\/\/fmspecial.com.ar\/index.php\/wp-json\/wp\/v2\/tags?post=382"}],"curies":[{"name":"wp","href":"https:\/\/api.w.org\/{rel}","templated":true}]}}